{"id":4747,"date":"2023-05-22T17:23:22","date_gmt":"2023-05-22T17:23:22","guid":{"rendered":"https:\/\/artecoin.es\/?p=3735"},"modified":"2023-05-22T17:23:22","modified_gmt":"2023-05-22T17:23:22","slug":"fernan-caballero-en-ciudad-real-rehabilitara-y-reducira-el-consumo-energetico-de-sus-edificios-gracias-a-pemis-passivhaus-y-elektron-de-artecoin","status":"publish","type":"post","link":"https:\/\/artecoin.es\/en\/fernan-caballero-en-ciudad-real-rehabilitara-y-reducira-el-consumo-energetico-de-sus-edificios-gracias-a-pemis-passivhaus-y-elektron-de-artecoin\/","title":{"rendered":"Fern\u00e1n Caballero, en Ciudad Real, rehabilitar\u00e1 y reducir\u00e1 el consumo energ\u00e9tico de sus edificios gracias a PEMIS Passivhaus y Elektron de ARTECOIN\u00a0"},"content":{"rendered":"\n<p>El municipio de <strong>Fern\u00e1n Caballero<\/strong>, en Ciudad Real, ha apostado por los <strong>servicios <a href=\"https:\/\/web.artecoin.es\/servicios\/pemis\/\" target=\"_blank\" rel=\"noreferrer noopener\">PEMIS<\/a> Passivhaus y Elektron<\/strong> de ARTECOIN para <strong>rehabilitar y reducir el consumo energ\u00e9tico<\/strong> de varios de sus edificios municipales.&nbsp;<\/p>\n\n\n\n<p>Gracias al servicio PEMIS de ARTECOIN, <strong>el consistorio ha podido acceder al programa de ayudas para proyectos singulares de Econom\u00eda Baja en Carbono para entidades locales<\/strong>, solicitadas por la Diputaci\u00f3n de Ciudad Real al <a href=\"https:\/\/www.idae.es\/\" target=\"_blank\" rel=\"noreferrer noopener\">Instituto para la Diversificaci\u00f3n y Ahorro de la Energ\u00eda (IDAE)<\/a>, en el marco del programa operativo FEDER Plurirregional de Espa\u00f1a (POPE) 2014-2020.&nbsp;<\/p>\n\n\n\n<figure class=\"wp-block-image aligncenter size-large\"><img decoding=\"async\" src=\"https:\/\/artecoin.es\/wp-content\/uploads\/2023\/05\/20230525-ART-BLOG-LK-ART-PEMIS-PASSIVHAUS-ELEKTRON-Fernan-Caballero-1-1024x572.png\" alt=\"\" class=\"wp-image-3736\"\/><figcaption class=\"wp-element-caption\">Ser\u00e1n 5 las instalaciones de autoconsumo solar fotovoltaico que contribuir\u00e1n al ahorro del consistorio y a una mejora del medio ambiente<\/figcaption><\/figure>\n\n\n\n<p><strong>Rehabilitaci\u00f3n de la Escuela Infantil mediante PEMIS Passivhaus<\/strong>&nbsp;<\/p>\n\n\n\n<p>Con la finalidad de <strong>mejorar el confort de los usuarios, reducir el consumo de energ\u00eda y optimizar la eficiencia energ\u00e9tica<\/strong>, en la Escuela Infantil del municipio se instalar\u00e1 un nuevo sistema de climatizaci\u00f3n basado en aerotermia, con bomba de calor de 99,2 kW y potencia frigor\u00edfica de 93,5 kW. Esta estar\u00e1 interconectada con los diferentes sistemas de calefacci\u00f3n y refrigeraci\u00f3n del edificio (fancoils, radiadores de baja temperatura y suelo radiante-refrescante).&nbsp;<\/p>\n\n\n\n<p>Adem\u00e1s, se actualizar\u00e1 el aislamiento de la envolvente t\u00e9rmica exterior del edificio y se realizar\u00e1 una instalaci\u00f3n fotovoltaica que permitir\u00e1 a este edificio ser <strong>considerado como uno de los primeros Edificios de Consumo de Energ\u00eda Casi Nulo de la provincia de Ciudad Real<\/strong>.&nbsp;&nbsp;<\/p>\n\n\n\n<p><strong>5 instalaciones de autoconsumo solar fotovoltaico mediante PEMIS Elektron<\/strong>&nbsp;<\/p>\n\n\n\n<p>Asimismo, a trav\u00e9s de PEMIS Elektron, para <strong>contribuir al ahorro del consistorio y a la mejora del medio ambiente<\/strong>, se est\u00e1n llevando a cabo cinco instalaciones de autoconsumo solar fotovoltaico en distintos edificios municipales.&nbsp;<\/p>\n\n\n\n<p>La primera de ellas en la <strong>Escuela Infantil<\/strong>, con un consumo anual de 8.946 kWh. Tras la instalaci\u00f3n del campo fotovoltaico de 3,9 kWp de potencia, se estima una repercusi\u00f3n de la energ\u00eda fotovoltaica generada sobre el <strong>consumo total de un 54,60%, es decir, 4.901 kWh al a\u00f1o<\/strong>.&nbsp;<\/p>\n\n\n\n<p>La segunda, en el <strong>Ayuntamiento<\/strong>, con un consumo anual de 29.915 kWh. Tras la instalaci\u00f3n del campo fotovoltaico de 10,2 kWp de potencia, se estima una repercusi\u00f3n de la energ\u00eda fotovoltaica generada sobre el <strong>consumo total de un 33,60%, lo que supone 8.386 kWh al a\u00f1o<\/strong>.&nbsp;<\/p>\n\n\n\n<figure class=\"wp-block-image aligncenter size-large\"><img decoding=\"async\" src=\"https:\/\/artecoin.es\/wp-content\/uploads\/2023\/05\/20230525-ART-BLOG-LK-ART-PEMIS-PASSIVHAUS-ELEKTRON-Fernan-Caballero-2-1024x572.png\" alt=\"\" class=\"wp-image-3737\"\/><figcaption class=\"wp-element-caption\">Para el desarrollo de la actuaci\u00f3n, ARTECOIN ha establecido una Hoja de ruta del Plan Director de Rehabilitaci\u00f3n Energ\u00e9tica de los edificios municipales&nbsp;<\/figcaption><\/figure>\n\n\n\n<p>La tercera actuaci\u00f3n se ha llevado a cabo en el <strong>Centro de D\u00eda<\/strong>, compuesto a su vez por la cafeter\u00eda y la vivienda de mayores. Este edificio cuenta con un consumo anual de 33.183 kWh y con la instalaci\u00f3n fotovoltaica sin excedentes y con acumulaci\u00f3n sobre cubierta existente de 9,0 kWp de potencia nominal, se estima una repercusi\u00f3n de la energ\u00eda fotovoltaica generada sobre el <strong>consumo total de un 37,80%, es decir, 12.540 kWh al a\u00f1o<\/strong>.&nbsp;<\/p>\n\n\n\n<p>La cuarta, en el colegio <strong>Manuel Sastre<\/strong>, con un consumo anual de 13.448 kWh. Tras la instalaci\u00f3n del campo fotovoltaico de 4,5 kWp de potencia, se estima una repercusi\u00f3n de la energ\u00eda fotovoltaica generada sobre el <strong>consumo total de un 30,50%, lo que suponen 4.110 kWh al a\u00f1o.<\/strong>&nbsp;<\/p>\n\n\n\n<p>La quinta y \u00faltima, en la <strong>ludoteca<\/strong>,<strong> <\/strong>con un consumo anual de 7.799 kWh. Tras la instalaci\u00f3n del campo fotovoltaico de 2,7 kWp de potencia, se estima una repercusi\u00f3n de la energ\u00eda fotovoltaica generada sobre el <strong>consumo total de un 30,60%, es decir, 2.392 kWh al a\u00f1o<\/strong>.<\/p>\n","protected":false},"excerpt":{"rendered":"<p>El municipio de Fern\u00e1n Caballero, en Ciudad Real, ha apostado por los servicios PEMIS Passivhaus y Elektron de ARTECOIN para rehabilitar y reducir el consumo energ\u00e9tico de varios de sus edificios municipales.&nbsp; Gracias al servicio PEMIS de ARTECOIN, el consistorio ha podido acceder al programa de ayudas para proyectos singulares de Econom\u00eda Baja en Carbono para entidades locales, solicitadas por la Diputaci\u00f3n de Ciudad Real al Instituto para la Diversificaci\u00f3n y Ahorro de la Energ\u00eda (IDAE), en el marco del programa operativo FEDER Plurirregional de Espa\u00f1a (POPE) 2014-2020.&nbsp; Rehabilitaci\u00f3n de la Escuela Infantil mediante PEMIS Passivhaus&nbsp; Con la finalidad de mejorar el confort de los usuarios, reducir el consumo de energ\u00eda y optimizar la eficiencia energ\u00e9tica, en la Escuela Infantil del municipio se instalar\u00e1 un nuevo sistema de climatizaci\u00f3n basado en aerotermia, con bomba de calor de 99,2 kW y potencia frigor\u00edfica de 93,5 kW. Esta estar\u00e1 interconectada con los diferentes sistemas de calefacci\u00f3n y refrigeraci\u00f3n del edificio (fancoils, radiadores de baja temperatura y suelo radiante-refrescante).&nbsp; Adem\u00e1s, se actualizar\u00e1 el aislamiento de la envolvente t\u00e9rmica exterior del edificio y se realizar\u00e1 una instalaci\u00f3n fotovoltaica que permitir\u00e1 a este edificio ser considerado como uno de los primeros Edificios de Consumo de Energ\u00eda Casi Nulo de la provincia de Ciudad Real.&nbsp;&nbsp; 5 instalaciones de autoconsumo solar fotovoltaico mediante PEMIS Elektron&nbsp; Asimismo, a trav\u00e9s de PEMIS Elektron, para contribuir al ahorro del consistorio y a la mejora del medio ambiente, se est\u00e1n llevando a cabo cinco instalaciones de autoconsumo solar fotovoltaico en distintos edificios municipales.&nbsp; La primera de ellas en la Escuela Infantil, con un consumo anual de 8.946 kWh. Tras la instalaci\u00f3n del campo fotovoltaico de 3,9 kWp de potencia, se estima una repercusi\u00f3n de la energ\u00eda fotovoltaica generada sobre el consumo total de un 54,60%, es decir, 4.901 kWh al a\u00f1o.&nbsp; La segunda, en el Ayuntamiento, con un consumo anual de 29.915 kWh. Tras la instalaci\u00f3n del campo fotovoltaico de 10,2 kWp de potencia, se estima una repercusi\u00f3n de la energ\u00eda fotovoltaica generada sobre el consumo total de un 33,60%, lo que supone 8.386 kWh al a\u00f1o.&nbsp; La tercera actuaci\u00f3n se ha llevado a cabo en el Centro de D\u00eda, compuesto a su vez por la cafeter\u00eda y la vivienda de mayores. Este edificio cuenta con un consumo anual de 33.183 kWh y con la instalaci\u00f3n fotovoltaica sin excedentes y con acumulaci\u00f3n sobre cubierta existente de 9,0 kWp de potencia nominal, se estima una repercusi\u00f3n de la energ\u00eda fotovoltaica generada sobre el consumo total de un 37,80%, es decir, 12.540 kWh al a\u00f1o.&nbsp; La cuarta, en el colegio Manuel Sastre, con un consumo anual de 13.448 kWh. Tras la instalaci\u00f3n del campo fotovoltaico de 4,5 kWp de potencia, se estima una repercusi\u00f3n de la energ\u00eda fotovoltaica generada sobre el consumo total de un 30,50%, lo que suponen 4.110 kWh al a\u00f1o.&nbsp; La quinta y \u00faltima, en la ludoteca, con un consumo anual de 7.799 kWh. Tras la instalaci\u00f3n del campo fotovoltaico de 2,7 kWp de potencia, se estima una repercusi\u00f3n de la energ\u00eda fotovoltaica generada sobre el consumo total de un 30,60%, es decir, 2.392 kWh al a\u00f1o.<\/p>\n","protected":false},"author":1,"featured_media":4784,"comment_status":"open","ping_status":"closed","sticky":false,"template":"","format":"standard","meta":{"site-sidebar-layout":"default","site-content-layout":"","ast-site-content-layout":"","site-content-style":"default","site-sidebar-style":"default","ast-global-header-display":"","ast-banner-title-visibility":"","ast-main-header-display":"","ast-hfb-above-header-display":"","ast-hfb-below-header-display":"","ast-hfb-mobile-header-display":"","site-post-title":"","ast-breadcrumbs-content":"","ast-featured-img":"","footer-sml-layout":"","theme-transparent-header-meta":"","adv-header-id-meta":"","stick-header-meta":"","header-above-stick-meta":"","header-main-stick-meta":"","header-below-stick-meta":"","astra-migrate-meta-layouts":"default","ast-page-background-enabled":"default","ast-page-background-meta":{"desktop":{"background-color":"var(--ast-global-color-4)","background-image":"","background-repeat":"repeat","background-position":"center center","background-size":"auto","background-attachment":"scroll","background-type":"","background-media":"","overlay-type":"","overlay-color":"","overlay-opacity":"","overlay-gradient":""},"tablet":{"background-color":"","background-image":"","background-repeat":"repeat","background-position":"center center","background-size":"auto","background-attachment":"scroll","background-type":"","background-media":"","overlay-type":"","overlay-color":"","overlay-opacity":"","overlay-gradient":""},"mobile":{"background-color":"","background-image":"","background-repeat":"repeat","background-position":"center center","background-size":"auto","background-attachment":"scroll","background-type":"","background-media":"","overlay-type":"","overlay-color":"","overlay-opacity":"","overlay-gradient":""}},"ast-content-background-meta":{"desktop":{"background-color":"var(--ast-global-color-5)","background-image":"","background-repeat":"repeat","background-position":"center center","background-size":"auto","background-attachment":"scroll","background-type":"","background-media":"","overlay-type":"","overlay-color":"","overlay-opacity":"","overlay-gradient":""},"tablet":{"background-color":"var(--ast-global-color-5)","background-image":"","background-repeat":"repeat","background-position":"center center","background-size":"auto","background-attachment":"scroll","background-type":"","background-media":"","overlay-type":"","overlay-color":"","overlay-opacity":"","overlay-gradient":""},"mobile":{"background-color":"var(--ast-global-color-5)","background-image":"","background-repeat":"repeat","background-position":"center center","background-size":"auto","background-attachment":"scroll","background-type":"","background-media":"","overlay-type":"","overlay-color":"","overlay-opacity":"","overlay-gradient":""}},"footnotes":""},"categories":[11],"tags":[],"class_list":["post-4747","post","type-post","status-publish","format-standard","has-post-thumbnail","hentry","category-noticias"],"yoast_head":"<!-- This site is optimized with the Yoast SEO plugin v27.5 - https:\/\/yoast.com\/product\/yoast-seo-wordpress\/ -->\n<title>Fern\u00e1n Caballero, en Ciudad Real, rehabilitar\u00e1 y reducir\u00e1 el consumo energ\u00e9tico de sus edificios gracias a PEMIS Passivhaus y Elektron de ARTECOIN\u00a0<\/title>\n<meta name=\"robots\" content=\"index, follow, max-snippet:-1, max-image-preview:large, max-video-preview:-1\" \/>\n<link rel=\"canonical\" href=\"https:\/\/artecoin.es\/en\/fernan-caballero-en-ciudad-real-rehabilitara-y-reducira-el-consumo-energetico-de-sus-edificios-gracias-a-pemis-passivhaus-y-elektron-de-artecoin\/\" \/>\n<meta property=\"og:locale\" content=\"en_US\" \/>\n<meta property=\"og:locale:alternate\" content=\"es_ES\" \/>\n<meta property=\"og:type\" content=\"article\" \/>\n<meta property=\"og:title\" content=\"Fern\u00e1n Caballero, en Ciudad Real, rehabilitar\u00e1 y reducir\u00e1 el consumo energ\u00e9tico de sus edificios gracias a PEMIS Passivhaus y Elektron de ARTECOIN\u00a0\" \/>\n<meta property=\"og:description\" content=\"El municipio de Fern\u00e1n Caballero, en Ciudad Real, ha apostado por los servicios PEMIS Passivhaus y Elektron de ARTECOIN para rehabilitar y reducir el consumo energ\u00e9tico de varios de sus edificios municipales.&nbsp; Gracias al servicio PEMIS de ARTECOIN, el consistorio ha podido acceder al programa de ayudas para proyectos singulares de Econom\u00eda Baja en Carbono para entidades locales, solicitadas por la Diputaci\u00f3n de Ciudad Real al Instituto para la Diversificaci\u00f3n y Ahorro de la Energ\u00eda (IDAE), en el marco del programa operativo FEDER Plurirregional de Espa\u00f1a (POPE) 2014-2020.&nbsp; Rehabilitaci\u00f3n de la Escuela Infantil mediante PEMIS Passivhaus&nbsp; Con la finalidad de mejorar el confort de los usuarios, reducir el consumo de energ\u00eda y optimizar la eficiencia energ\u00e9tica, en la Escuela Infantil del municipio se instalar\u00e1 un nuevo sistema de climatizaci\u00f3n basado en aerotermia, con bomba de calor de 99,2 kW y potencia frigor\u00edfica de 93,5 kW. Esta estar\u00e1 interconectada con los diferentes sistemas de calefacci\u00f3n y refrigeraci\u00f3n del edificio (fancoils, radiadores de baja temperatura y suelo radiante-refrescante).&nbsp; Adem\u00e1s, se actualizar\u00e1 el aislamiento de la envolvente t\u00e9rmica exterior del edificio y se realizar\u00e1 una instalaci\u00f3n fotovoltaica que permitir\u00e1 a este edificio ser considerado como uno de los primeros Edificios de Consumo de Energ\u00eda Casi Nulo de la provincia de Ciudad Real.&nbsp;&nbsp; 5 instalaciones de autoconsumo solar fotovoltaico mediante PEMIS Elektron&nbsp; Asimismo, a trav\u00e9s de PEMIS Elektron, para contribuir al ahorro del consistorio y a la mejora del medio ambiente, se est\u00e1n llevando a cabo cinco instalaciones de autoconsumo solar fotovoltaico en distintos edificios municipales.&nbsp; La primera de ellas en la Escuela Infantil, con un consumo anual de 8.946 kWh. Tras la instalaci\u00f3n del campo fotovoltaico de 3,9 kWp de potencia, se estima una repercusi\u00f3n de la energ\u00eda fotovoltaica generada sobre el consumo total de un 54,60%, es decir, 4.901 kWh al a\u00f1o.&nbsp; La segunda, en el Ayuntamiento, con un consumo anual de 29.915 kWh. Tras la instalaci\u00f3n del campo fotovoltaico de 10,2 kWp de potencia, se estima una repercusi\u00f3n de la energ\u00eda fotovoltaica generada sobre el consumo total de un 33,60%, lo que supone 8.386 kWh al a\u00f1o.&nbsp; La tercera actuaci\u00f3n se ha llevado a cabo en el Centro de D\u00eda, compuesto a su vez por la cafeter\u00eda y la vivienda de mayores. Este edificio cuenta con un consumo anual de 33.183 kWh y con la instalaci\u00f3n fotovoltaica sin excedentes y con acumulaci\u00f3n sobre cubierta existente de 9,0 kWp de potencia nominal, se estima una repercusi\u00f3n de la energ\u00eda fotovoltaica generada sobre el consumo total de un 37,80%, es decir, 12.540 kWh al a\u00f1o.&nbsp; La cuarta, en el colegio Manuel Sastre, con un consumo anual de 13.448 kWh. Tras la instalaci\u00f3n del campo fotovoltaico de 4,5 kWp de potencia, se estima una repercusi\u00f3n de la energ\u00eda fotovoltaica generada sobre el consumo total de un 30,50%, lo que suponen 4.110 kWh al a\u00f1o.&nbsp; La quinta y \u00faltima, en la ludoteca, con un consumo anual de 7.799 kWh. Tras la instalaci\u00f3n del campo fotovoltaico de 2,7 kWp de potencia, se estima una repercusi\u00f3n de la energ\u00eda fotovoltaica generada sobre el consumo total de un 30,60%, es decir, 2.392 kWh al a\u00f1o.\" \/>\n<meta property=\"og:url\" content=\"https:\/\/artecoin.es\/en\/fernan-caballero-en-ciudad-real-rehabilitara-y-reducira-el-consumo-energetico-de-sus-edificios-gracias-a-pemis-passivhaus-y-elektron-de-artecoin\/\" \/>\n<meta property=\"og:site_name\" content=\"Artecoin | Consultor\u00eda, Arquitectura e Ingenier\u00eda\" \/>\n<meta property=\"article:published_time\" content=\"2023-05-22T17:23:22+00:00\" \/>\n<meta name=\"author\" content=\"admin\" \/>\n<meta name=\"twitter:card\" content=\"summary_large_image\" \/>\n<meta name=\"twitter:label1\" content=\"Written by\" \/>\n\t<meta name=\"twitter:data1\" content=\"admin\" \/>\n\t<meta name=\"twitter:label2\" content=\"Est. reading time\" \/>\n\t<meta name=\"twitter:data2\" content=\"3 minutes\" \/>\n<script type=\"application\/ld+json\" class=\"yoast-schema-graph\">{\"@context\":\"https:\\\/\\\/schema.org\",\"@graph\":[{\"@type\":\"Article\",\"@id\":\"https:\\\/\\\/artecoin.es\\\/fernan-caballero-en-ciudad-real-rehabilitara-y-reducira-el-consumo-energetico-de-sus-edificios-gracias-a-pemis-passivhaus-y-elektron-de-artecoin\\\/#article\",\"isPartOf\":{\"@id\":\"https:\\\/\\\/artecoin.es\\\/fernan-caballero-en-ciudad-real-rehabilitara-y-reducira-el-consumo-energetico-de-sus-edificios-gracias-a-pemis-passivhaus-y-elektron-de-artecoin\\\/\"},\"author\":{\"name\":\"admin\",\"@id\":\"https:\\\/\\\/artecoin.es\\\/#\\\/schema\\\/person\\\/28378a1e4e52b113f68ea0ff6f21fcd2\"},\"headline\":\"Fern\u00e1n Caballero, en Ciudad Real, rehabilitar\u00e1 y reducir\u00e1 el consumo energ\u00e9tico de sus edificios gracias a PEMIS Passivhaus y Elektron de ARTECOIN\u00a0\",\"datePublished\":\"2023-05-22T17:23:22+00:00\",\"mainEntityOfPage\":{\"@id\":\"https:\\\/\\\/artecoin.es\\\/fernan-caballero-en-ciudad-real-rehabilitara-y-reducira-el-consumo-energetico-de-sus-edificios-gracias-a-pemis-passivhaus-y-elektron-de-artecoin\\\/\"},\"wordCount\":625,\"commentCount\":0,\"image\":{\"@id\":\"https:\\\/\\\/artecoin.es\\\/fernan-caballero-en-ciudad-real-rehabilitara-y-reducira-el-consumo-energetico-de-sus-edificios-gracias-a-pemis-passivhaus-y-elektron-de-artecoin\\\/#primaryimage\"},\"thumbnailUrl\":\"https:\\\/\\\/artecoin.es\\\/wp-content\\\/uploads\\\/2023\\\/05\\\/Fotovoltaica-Fernan-Caballero-2.jpeg\",\"articleSection\":[\"Noticias\"],\"inLanguage\":\"en-US\",\"potentialAction\":[{\"@type\":\"CommentAction\",\"name\":\"Comment\",\"target\":[\"https:\\\/\\\/artecoin.es\\\/fernan-caballero-en-ciudad-real-rehabilitara-y-reducira-el-consumo-energetico-de-sus-edificios-gracias-a-pemis-passivhaus-y-elektron-de-artecoin\\\/#respond\"]}]},{\"@type\":\"WebPage\",\"@id\":\"https:\\\/\\\/artecoin.es\\\/fernan-caballero-en-ciudad-real-rehabilitara-y-reducira-el-consumo-energetico-de-sus-edificios-gracias-a-pemis-passivhaus-y-elektron-de-artecoin\\\/\",\"url\":\"https:\\\/\\\/artecoin.es\\\/fernan-caballero-en-ciudad-real-rehabilitara-y-reducira-el-consumo-energetico-de-sus-edificios-gracias-a-pemis-passivhaus-y-elektron-de-artecoin\\\/\",\"name\":\"Fern\u00e1n Caballero, en Ciudad Real, rehabilitar\u00e1 y reducir\u00e1 el consumo energ\u00e9tico de sus edificios gracias a PEMIS Passivhaus y Elektron de ARTECOIN\u00a0\",\"isPartOf\":{\"@id\":\"https:\\\/\\\/artecoin.es\\\/#website\"},\"primaryImageOfPage\":{\"@id\":\"https:\\\/\\\/artecoin.es\\\/fernan-caballero-en-ciudad-real-rehabilitara-y-reducira-el-consumo-energetico-de-sus-edificios-gracias-a-pemis-passivhaus-y-elektron-de-artecoin\\\/#primaryimage\"},\"image\":{\"@id\":\"https:\\\/\\\/artecoin.es\\\/fernan-caballero-en-ciudad-real-rehabilitara-y-reducira-el-consumo-energetico-de-sus-edificios-gracias-a-pemis-passivhaus-y-elektron-de-artecoin\\\/#primaryimage\"},\"thumbnailUrl\":\"https:\\\/\\\/artecoin.es\\\/wp-content\\\/uploads\\\/2023\\\/05\\\/Fotovoltaica-Fernan-Caballero-2.jpeg\",\"datePublished\":\"2023-05-22T17:23:22+00:00\",\"author\":{\"@id\":\"https:\\\/\\\/artecoin.es\\\/#\\\/schema\\\/person\\\/28378a1e4e52b113f68ea0ff6f21fcd2\"},\"breadcrumb\":{\"@id\":\"https:\\\/\\\/artecoin.es\\\/fernan-caballero-en-ciudad-real-rehabilitara-y-reducira-el-consumo-energetico-de-sus-edificios-gracias-a-pemis-passivhaus-y-elektron-de-artecoin\\\/#breadcrumb\"},\"inLanguage\":\"en-US\",\"potentialAction\":[{\"@type\":\"ReadAction\",\"target\":[\"https:\\\/\\\/artecoin.es\\\/fernan-caballero-en-ciudad-real-rehabilitara-y-reducira-el-consumo-energetico-de-sus-edificios-gracias-a-pemis-passivhaus-y-elektron-de-artecoin\\\/\"]}]},{\"@type\":\"ImageObject\",\"inLanguage\":\"en-US\",\"@id\":\"https:\\\/\\\/artecoin.es\\\/fernan-caballero-en-ciudad-real-rehabilitara-y-reducira-el-consumo-energetico-de-sus-edificios-gracias-a-pemis-passivhaus-y-elektron-de-artecoin\\\/#primaryimage\",\"url\":\"https:\\\/\\\/artecoin.es\\\/wp-content\\\/uploads\\\/2023\\\/05\\\/Fotovoltaica-Fernan-Caballero-2.jpeg\",\"contentUrl\":\"https:\\\/\\\/artecoin.es\\\/wp-content\\\/uploads\\\/2023\\\/05\\\/Fotovoltaica-Fernan-Caballero-2.jpeg\",\"width\":1600,\"height\":1200,\"caption\":\"PEMIS de ARTECOIN en Fern\u00e1n Caballero\"},{\"@type\":\"BreadcrumbList\",\"@id\":\"https:\\\/\\\/artecoin.es\\\/fernan-caballero-en-ciudad-real-rehabilitara-y-reducira-el-consumo-energetico-de-sus-edificios-gracias-a-pemis-passivhaus-y-elektron-de-artecoin\\\/#breadcrumb\",\"itemListElement\":[{\"@type\":\"ListItem\",\"position\":1,\"name\":\"Portada\",\"item\":\"https:\\\/\\\/artecoin.es\\\/\"},{\"@type\":\"ListItem\",\"position\":2,\"name\":\"Fern\u00e1n Caballero, en Ciudad Real, rehabilitar\u00e1 y reducir\u00e1 el consumo energ\u00e9tico de sus edificios gracias a PEMIS Passivhaus y Elektron de ARTECOIN\u00a0\"}]},{\"@type\":\"WebSite\",\"@id\":\"https:\\\/\\\/artecoin.es\\\/#website\",\"url\":\"https:\\\/\\\/artecoin.es\\\/\",\"name\":\"Artecoin | Consultor\u00eda, Arquitectura e Ingenier\u00eda\",\"description\":\"\",\"potentialAction\":[{\"@type\":\"SearchAction\",\"target\":{\"@type\":\"EntryPoint\",\"urlTemplate\":\"https:\\\/\\\/artecoin.es\\\/?s={search_term_string}\"},\"query-input\":{\"@type\":\"PropertyValueSpecification\",\"valueRequired\":true,\"valueName\":\"search_term_string\"}}],\"inLanguage\":\"en-US\"},{\"@type\":\"Person\",\"@id\":\"https:\\\/\\\/artecoin.es\\\/#\\\/schema\\\/person\\\/28378a1e4e52b113f68ea0ff6f21fcd2\",\"name\":\"admin\",\"image\":{\"@type\":\"ImageObject\",\"inLanguage\":\"en-US\",\"@id\":\"https:\\\/\\\/secure.gravatar.com\\\/avatar\\\/3182093bca295526b750582667f1a5fb25859dda98cb3e4d329da28e58d2bdc4?s=96&d=mm&r=g\",\"url\":\"https:\\\/\\\/secure.gravatar.com\\\/avatar\\\/3182093bca295526b750582667f1a5fb25859dda98cb3e4d329da28e58d2bdc4?s=96&d=mm&r=g\",\"contentUrl\":\"https:\\\/\\\/secure.gravatar.com\\\/avatar\\\/3182093bca295526b750582667f1a5fb25859dda98cb3e4d329da28e58d2bdc4?s=96&d=mm&r=g\",\"caption\":\"admin\"},\"sameAs\":[\"https:\\\/\\\/artecoin.es\"],\"url\":\"https:\\\/\\\/artecoin.es\\\/en\\\/author\\\/workuser\\\/\"}]}<\/script>\n<!-- \/ Yoast SEO plugin. -->","yoast_head_json":{"title":"Fern\u00e1n Caballero, en Ciudad Real, rehabilitar\u00e1 y reducir\u00e1 el consumo energ\u00e9tico de sus edificios gracias a PEMIS Passivhaus y Elektron de ARTECOIN\u00a0","robots":{"index":"index","follow":"follow","max-snippet":"max-snippet:-1","max-image-preview":"max-image-preview:large","max-video-preview":"max-video-preview:-1"},"canonical":"https:\/\/artecoin.es\/en\/fernan-caballero-en-ciudad-real-rehabilitara-y-reducira-el-consumo-energetico-de-sus-edificios-gracias-a-pemis-passivhaus-y-elektron-de-artecoin\/","og_locale":"en_US","og_type":"article","og_title":"[:es]Fern\u00e1n Caballero, en Ciudad Real, rehabilitar\u00e1 y reducir\u00e1 el consumo energ\u00e9tico de sus edificios gracias a PEMIS Passivhaus y Elektron de ARTECOIN\u00a0[:] - Artecoin | Consultor\u00eda, Arquitectura e Ingenier\u00eda","og_description":"El municipio de Fern\u00e1n Caballero, en Ciudad Real, ha apostado por los servicios PEMIS Passivhaus y Elektron de ARTECOIN para rehabilitar y reducir el consumo energ\u00e9tico de varios de sus edificios municipales.&nbsp; Gracias al servicio PEMIS de ARTECOIN, el consistorio ha podido acceder al programa de ayudas para proyectos singulares de Econom\u00eda Baja en Carbono para entidades locales, solicitadas por la Diputaci\u00f3n de Ciudad Real al Instituto para la Diversificaci\u00f3n y Ahorro de la Energ\u00eda (IDAE), en el marco del programa operativo FEDER Plurirregional de Espa\u00f1a (POPE) 2014-2020.&nbsp; Rehabilitaci\u00f3n de la Escuela Infantil mediante PEMIS Passivhaus&nbsp; Con la finalidad de mejorar el confort de los usuarios, reducir el consumo de energ\u00eda y optimizar la eficiencia energ\u00e9tica, en la Escuela Infantil del municipio se instalar\u00e1 un nuevo sistema de climatizaci\u00f3n basado en aerotermia, con bomba de calor de 99,2 kW y potencia frigor\u00edfica de 93,5 kW. Esta estar\u00e1 interconectada con los diferentes sistemas de calefacci\u00f3n y refrigeraci\u00f3n del edificio (fancoils, radiadores de baja temperatura y suelo radiante-refrescante).&nbsp; Adem\u00e1s, se actualizar\u00e1 el aislamiento de la envolvente t\u00e9rmica exterior del edificio y se realizar\u00e1 una instalaci\u00f3n fotovoltaica que permitir\u00e1 a este edificio ser considerado como uno de los primeros Edificios de Consumo de Energ\u00eda Casi Nulo de la provincia de Ciudad Real.&nbsp;&nbsp; 5 instalaciones de autoconsumo solar fotovoltaico mediante PEMIS Elektron&nbsp; Asimismo, a trav\u00e9s de PEMIS Elektron, para contribuir al ahorro del consistorio y a la mejora del medio ambiente, se est\u00e1n llevando a cabo cinco instalaciones de autoconsumo solar fotovoltaico en distintos edificios municipales.&nbsp; La primera de ellas en la Escuela Infantil, con un consumo anual de 8.946 kWh. Tras la instalaci\u00f3n del campo fotovoltaico de 3,9 kWp de potencia, se estima una repercusi\u00f3n de la energ\u00eda fotovoltaica generada sobre el consumo total de un 54,60%, es decir, 4.901 kWh al a\u00f1o.&nbsp; La segunda, en el Ayuntamiento, con un consumo anual de 29.915 kWh. Tras la instalaci\u00f3n del campo fotovoltaico de 10,2 kWp de potencia, se estima una repercusi\u00f3n de la energ\u00eda fotovoltaica generada sobre el consumo total de un 33,60%, lo que supone 8.386 kWh al a\u00f1o.&nbsp; La tercera actuaci\u00f3n se ha llevado a cabo en el Centro de D\u00eda, compuesto a su vez por la cafeter\u00eda y la vivienda de mayores. Este edificio cuenta con un consumo anual de 33.183 kWh y con la instalaci\u00f3n fotovoltaica sin excedentes y con acumulaci\u00f3n sobre cubierta existente de 9,0 kWp de potencia nominal, se estima una repercusi\u00f3n de la energ\u00eda fotovoltaica generada sobre el consumo total de un 37,80%, es decir, 12.540 kWh al a\u00f1o.&nbsp; La cuarta, en el colegio Manuel Sastre, con un consumo anual de 13.448 kWh. Tras la instalaci\u00f3n del campo fotovoltaico de 4,5 kWp de potencia, se estima una repercusi\u00f3n de la energ\u00eda fotovoltaica generada sobre el consumo total de un 30,50%, lo que suponen 4.110 kWh al a\u00f1o.&nbsp; La quinta y \u00faltima, en la ludoteca, con un consumo anual de 7.799 kWh. Tras la instalaci\u00f3n del campo fotovoltaico de 2,7 kWp de potencia, se estima una repercusi\u00f3n de la energ\u00eda fotovoltaica generada sobre el consumo total de un 30,60%, es decir, 2.392 kWh al a\u00f1o.","og_url":"https:\/\/artecoin.es\/en\/fernan-caballero-en-ciudad-real-rehabilitara-y-reducira-el-consumo-energetico-de-sus-edificios-gracias-a-pemis-passivhaus-y-elektron-de-artecoin\/","og_site_name":"Artecoin | Consultor\u00eda, Arquitectura e Ingenier\u00eda","article_published_time":"2023-05-22T17:23:22+00:00","author":"admin","twitter_card":"summary_large_image","twitter_misc":{"Written by":"admin","Est. reading time":"3 minutes"},"schema":{"@context":"https:\/\/schema.org","@graph":[{"@type":"Article","@id":"https:\/\/artecoin.es\/fernan-caballero-en-ciudad-real-rehabilitara-y-reducira-el-consumo-energetico-de-sus-edificios-gracias-a-pemis-passivhaus-y-elektron-de-artecoin\/#article","isPartOf":{"@id":"https:\/\/artecoin.es\/fernan-caballero-en-ciudad-real-rehabilitara-y-reducira-el-consumo-energetico-de-sus-edificios-gracias-a-pemis-passivhaus-y-elektron-de-artecoin\/"},"author":{"name":"admin","@id":"https:\/\/artecoin.es\/#\/schema\/person\/28378a1e4e52b113f68ea0ff6f21fcd2"},"headline":"Fern\u00e1n Caballero, en Ciudad Real, rehabilitar\u00e1 y reducir\u00e1 el consumo energ\u00e9tico de sus edificios gracias a PEMIS Passivhaus y Elektron de ARTECOIN\u00a0","datePublished":"2023-05-22T17:23:22+00:00","mainEntityOfPage":{"@id":"https:\/\/artecoin.es\/fernan-caballero-en-ciudad-real-rehabilitara-y-reducira-el-consumo-energetico-de-sus-edificios-gracias-a-pemis-passivhaus-y-elektron-de-artecoin\/"},"wordCount":625,"commentCount":0,"image":{"@id":"https:\/\/artecoin.es\/fernan-caballero-en-ciudad-real-rehabilitara-y-reducira-el-consumo-energetico-de-sus-edificios-gracias-a-pemis-passivhaus-y-elektron-de-artecoin\/#primaryimage"},"thumbnailUrl":"https:\/\/artecoin.es\/wp-content\/uploads\/2023\/05\/Fotovoltaica-Fernan-Caballero-2.jpeg","articleSection":["Noticias"],"inLanguage":"en-US","potentialAction":[{"@type":"CommentAction","name":"Comment","target":["https:\/\/artecoin.es\/fernan-caballero-en-ciudad-real-rehabilitara-y-reducira-el-consumo-energetico-de-sus-edificios-gracias-a-pemis-passivhaus-y-elektron-de-artecoin\/#respond"]}]},{"@type":"WebPage","@id":"https:\/\/artecoin.es\/fernan-caballero-en-ciudad-real-rehabilitara-y-reducira-el-consumo-energetico-de-sus-edificios-gracias-a-pemis-passivhaus-y-elektron-de-artecoin\/","url":"https:\/\/artecoin.es\/fernan-caballero-en-ciudad-real-rehabilitara-y-reducira-el-consumo-energetico-de-sus-edificios-gracias-a-pemis-passivhaus-y-elektron-de-artecoin\/","name":"Fern\u00e1n Caballero, en Ciudad Real, rehabilitar\u00e1 y reducir\u00e1 el consumo energ\u00e9tico de sus edificios gracias a PEMIS Passivhaus y Elektron de ARTECOIN\u00a0","isPartOf":{"@id":"https:\/\/artecoin.es\/#website"},"primaryImageOfPage":{"@id":"https:\/\/artecoin.es\/fernan-caballero-en-ciudad-real-rehabilitara-y-reducira-el-consumo-energetico-de-sus-edificios-gracias-a-pemis-passivhaus-y-elektron-de-artecoin\/#primaryimage"},"image":{"@id":"https:\/\/artecoin.es\/fernan-caballero-en-ciudad-real-rehabilitara-y-reducira-el-consumo-energetico-de-sus-edificios-gracias-a-pemis-passivhaus-y-elektron-de-artecoin\/#primaryimage"},"thumbnailUrl":"https:\/\/artecoin.es\/wp-content\/uploads\/2023\/05\/Fotovoltaica-Fernan-Caballero-2.jpeg","datePublished":"2023-05-22T17:23:22+00:00","author":{"@id":"https:\/\/artecoin.es\/#\/schema\/person\/28378a1e4e52b113f68ea0ff6f21fcd2"},"breadcrumb":{"@id":"https:\/\/artecoin.es\/fernan-caballero-en-ciudad-real-rehabilitara-y-reducira-el-consumo-energetico-de-sus-edificios-gracias-a-pemis-passivhaus-y-elektron-de-artecoin\/#breadcrumb"},"inLanguage":"en-US","potentialAction":[{"@type":"ReadAction","target":["https:\/\/artecoin.es\/fernan-caballero-en-ciudad-real-rehabilitara-y-reducira-el-consumo-energetico-de-sus-edificios-gracias-a-pemis-passivhaus-y-elektron-de-artecoin\/"]}]},{"@type":"ImageObject","inLanguage":"en-US","@id":"https:\/\/artecoin.es\/fernan-caballero-en-ciudad-real-rehabilitara-y-reducira-el-consumo-energetico-de-sus-edificios-gracias-a-pemis-passivhaus-y-elektron-de-artecoin\/#primaryimage","url":"https:\/\/artecoin.es\/wp-content\/uploads\/2023\/05\/Fotovoltaica-Fernan-Caballero-2.jpeg","contentUrl":"https:\/\/artecoin.es\/wp-content\/uploads\/2023\/05\/Fotovoltaica-Fernan-Caballero-2.jpeg","width":1600,"height":1200,"caption":"PEMIS de ARTECOIN en Fern\u00e1n Caballero"},{"@type":"BreadcrumbList","@id":"https:\/\/artecoin.es\/fernan-caballero-en-ciudad-real-rehabilitara-y-reducira-el-consumo-energetico-de-sus-edificios-gracias-a-pemis-passivhaus-y-elektron-de-artecoin\/#breadcrumb","itemListElement":[{"@type":"ListItem","position":1,"name":"Portada","item":"https:\/\/artecoin.es\/"},{"@type":"ListItem","position":2,"name":"Fern\u00e1n Caballero, en Ciudad Real, rehabilitar\u00e1 y reducir\u00e1 el consumo energ\u00e9tico de sus edificios gracias a PEMIS Passivhaus y Elektron de ARTECOIN\u00a0"}]},{"@type":"WebSite","@id":"https:\/\/artecoin.es\/#website","url":"https:\/\/artecoin.es\/","name":"Artecoin | Consultor\u00eda, Arquitectura e Ingenier\u00eda","description":"","potentialAction":[{"@type":"SearchAction","target":{"@type":"EntryPoint","urlTemplate":"https:\/\/artecoin.es\/?s={search_term_string}"},"query-input":{"@type":"PropertyValueSpecification","valueRequired":true,"valueName":"search_term_string"}}],"inLanguage":"en-US"},{"@type":"Person","@id":"https:\/\/artecoin.es\/#\/schema\/person\/28378a1e4e52b113f68ea0ff6f21fcd2","name":"admin","image":{"@type":"ImageObject","inLanguage":"en-US","@id":"https:\/\/secure.gravatar.com\/avatar\/3182093bca295526b750582667f1a5fb25859dda98cb3e4d329da28e58d2bdc4?s=96&d=mm&r=g","url":"https:\/\/secure.gravatar.com\/avatar\/3182093bca295526b750582667f1a5fb25859dda98cb3e4d329da28e58d2bdc4?s=96&d=mm&r=g","contentUrl":"https:\/\/secure.gravatar.com\/avatar\/3182093bca295526b750582667f1a5fb25859dda98cb3e4d329da28e58d2bdc4?s=96&d=mm&r=g","caption":"admin"},"sameAs":["https:\/\/artecoin.es"],"url":"https:\/\/artecoin.es\/en\/author\/workuser\/"}]}},"_links":{"self":[{"href":"https:\/\/artecoin.es\/en\/wp-json\/wp\/v2\/posts\/4747","targetHints":{"allow":["GET"]}}],"collection":[{"href":"https:\/\/artecoin.es\/en\/wp-json\/wp\/v2\/posts"}],"about":[{"href":"https:\/\/artecoin.es\/en\/wp-json\/wp\/v2\/types\/post"}],"author":[{"embeddable":true,"href":"https:\/\/artecoin.es\/en\/wp-json\/wp\/v2\/users\/1"}],"replies":[{"embeddable":true,"href":"https:\/\/artecoin.es\/en\/wp-json\/wp\/v2\/comments?post=4747"}],"version-history":[{"count":0,"href":"https:\/\/artecoin.es\/en\/wp-json\/wp\/v2\/posts\/4747\/revisions"}],"wp:featuredmedia":[{"embeddable":true,"href":"https:\/\/artecoin.es\/en\/wp-json\/wp\/v2\/media\/4784"}],"wp:attachment":[{"href":"https:\/\/artecoin.es\/en\/wp-json\/wp\/v2\/media?parent=4747"}],"wp:term":[{"taxonomy":"category","embeddable":true,"href":"https:\/\/artecoin.es\/en\/wp-json\/wp\/v2\/categories?post=4747"},{"taxonomy":"post_tag","embeddable":true,"href":"https:\/\/artecoin.es\/en\/wp-json\/wp\/v2\/tags?post=4747"}],"curies":[{"name":"wp","href":"https:\/\/api.w.org\/{rel}","templated":true}]}}