{"id":4940,"date":"2024-11-21T16:50:37","date_gmt":"2024-11-21T16:50:37","guid":{"rendered":"https:\/\/artecoin.es\/?p=4277"},"modified":"2025-02-13T10:25:12","modified_gmt":"2025-02-13T09:25:12","slug":"ampliado-el-plazo-para-presentar-proyectos-de-eficiencia-energetica-en-centros-educativos-de-castilla-la-mancha-nueva-fecha-3-de-diciembre-de-2024","status":"publish","type":"post","link":"https:\/\/artecoin.es\/en\/ampliado-el-plazo-para-presentar-proyectos-de-eficiencia-energetica-en-centros-educativos-de-castilla-la-mancha-nueva-fecha-3-de-diciembre-de-2024\/","title":{"rendered":"Ampliado el plazo para presentar proyectos de eficiencia energ\u00e9tica en centros educativos de Castilla-La Mancha: Nueva fecha, 3 de diciembre de 2024"},"content":{"rendered":"\t\t<div data-elementor-type=\"wp-post\" data-elementor-id=\"4940\" class=\"elementor elementor-4940\" data-elementor-post-type=\"post\">\n\t\t\t\t<div class=\"elementor-element elementor-element-21ff70b7 e-con-full e-flex wpr-particle-no wpr-jarallax-no wpr-parallax-no wpr-sticky-section-no wpr-equal-height-no e-con e-parent\" data-id=\"21ff70b7\" data-element_type=\"container\" data-e-type=\"container\" data-settings=\"{&quot;background_background&quot;:&quot;classic&quot;}\">\n\t\t<div class=\"elementor-element elementor-element-544e0ad2 e-con-full e-flex wpr-particle-no wpr-jarallax-no wpr-parallax-no wpr-sticky-section-no wpr-equal-height-no e-con e-child\" data-id=\"544e0ad2\" data-element_type=\"container\" data-e-type=\"container\" data-settings=\"{&quot;background_background&quot;:&quot;classic&quot;}\">\n\t\t\t\t<div class=\"elementor-element elementor-element-376cfaf1 elementor-widget elementor-widget-heading\" data-id=\"376cfaf1\" data-element_type=\"widget\" data-e-type=\"widget\" data-widget_type=\"heading.default\">\n\t\t\t\t<div class=\"elementor-widget-container\">\n\t\t\t\t\t<h2 class=\"elementor-heading-title elementor-size-default\">Ampliado el plazo para presentar proyectos de eficiencia energ\u00e9tica en centros educativos de Castilla-La Mancha<\/h2>\t\t\t\t<\/div>\n\t\t\t\t<\/div>\n\t\t\t\t<\/div>\n\t\t\t\t<\/div>\n\t\t<div class=\"elementor-element elementor-element-1795a0bd e-con-full e-flex wpr-particle-no wpr-jarallax-no wpr-parallax-no wpr-sticky-section-no wpr-equal-height-no e-con e-parent\" data-id=\"1795a0bd\" data-element_type=\"container\" data-e-type=\"container\">\n\t\t\t\t<div class=\"elementor-element elementor-element-4d5e43cf elementor-widget elementor-widget-spacer\" data-id=\"4d5e43cf\" data-element_type=\"widget\" data-e-type=\"widget\" data-widget_type=\"spacer.default\">\n\t\t\t\t<div class=\"elementor-widget-container\">\n\t\t\t\t\t\t\t<div class=\"elementor-spacer\">\n\t\t\t<div class=\"elementor-spacer-inner\"><\/div>\n\t\t<\/div>\n\t\t\t\t\t\t<\/div>\n\t\t\t\t<\/div>\n\t\t\t\t<\/div>\n\t\t<div class=\"elementor-element elementor-element-6d395b12 e-flex e-con-boxed wpr-particle-no wpr-jarallax-no wpr-parallax-no wpr-sticky-section-no wpr-equal-height-no e-con e-parent\" data-id=\"6d395b12\" data-element_type=\"container\" data-e-type=\"container\">\n\t\t\t\t\t<div class=\"e-con-inner\">\n\t\t<div class=\"elementor-element elementor-element-7ba5bc67 e-con-full e-flex wpr-particle-no wpr-jarallax-no wpr-parallax-no wpr-sticky-section-no wpr-equal-height-no e-con e-child\" data-id=\"7ba5bc67\" data-element_type=\"container\" data-e-type=\"container\">\n\t\t<div class=\"elementor-element elementor-element-51f47f51 e-con-full e-flex wpr-particle-no wpr-jarallax-no wpr-parallax-no wpr-sticky-section-no wpr-equal-height-no e-con e-child\" data-id=\"51f47f51\" data-element_type=\"container\" data-e-type=\"container\">\n\t\t<div class=\"elementor-element elementor-element-228e88ec e-con-full e-flex wpr-particle-no wpr-jarallax-no wpr-parallax-no wpr-sticky-section-no wpr-equal-height-no e-con e-child\" data-id=\"228e88ec\" data-element_type=\"container\" data-e-type=\"container\">\n\t\t\t\t<div class=\"elementor-element elementor-element-4a769ccd elementor-align-right elementor-widget elementor-widget-post-info\" data-id=\"4a769ccd\" data-element_type=\"widget\" data-e-type=\"widget\" data-widget_type=\"post-info.default\">\n\t\t\t\t<div class=\"elementor-widget-container\">\n\t\t\t\t\t\t\t<ul class=\"elementor-icon-list-items elementor-post-info\">\n\t\t\t\t\t\t\t\t<li class=\"elementor-icon-list-item elementor-repeater-item-ee150f7\">\n\t\t\t\t\t\t\t\t\t\t<span class=\"elementor-icon-list-icon\">\n\t\t\t\t\t\t\t\t<i aria-hidden=\"true\" class=\"far fa-tags\"><\/i>\t\t\t\t\t\t\t<\/span>\n\t\t\t\t\t\t\t\t\t<span class=\"elementor-icon-list-text elementor-post-info__item elementor-post-info__item--type-custom\">\n\t\t\t\t\t\t\t\t\t\t21 de noviembre de 2024\t\t\t\t\t<\/span>\n\t\t\t\t\t\t\t\t<\/li>\n\t\t\t\t<\/ul>\n\t\t\t\t\t\t<\/div>\n\t\t\t\t<\/div>\n\t\t\t\t<\/div>\n\t\t\t\t<\/div>\n\t\t<div class=\"elementor-element elementor-element-167938b2 e-con-full e-flex wpr-particle-no wpr-jarallax-no wpr-parallax-no wpr-sticky-section-no wpr-equal-height-no e-con e-child\" data-id=\"167938b2\" data-element_type=\"container\" data-e-type=\"container\">\n\t\t\t\t<div class=\"elementor-element elementor-element-6036a8c5 elementor-widget elementor-widget-heading\" data-id=\"6036a8c5\" data-element_type=\"widget\" data-e-type=\"widget\" data-widget_type=\"heading.default\">\n\t\t\t\t<div class=\"elementor-widget-container\">\n\t\t\t\t\t<h3 class=\"elementor-heading-title elementor-size-default\">Ampliado el plazo para presentar proyectos de eficiencia energ\u00e9tica en centros educativos de Castilla-La Mancha: Nueva fecha, 3 de diciembre de 2024<\/h3>\t\t\t\t<\/div>\n\t\t\t\t<\/div>\n\t\t\t\t<div class=\"elementor-element elementor-element-1c8f3d98 elementor-widget elementor-widget-text-editor\" data-id=\"1c8f3d98\" data-element_type=\"widget\" data-e-type=\"widget\" data-widget_type=\"text-editor.default\">\n\t\t\t\t<div class=\"elementor-widget-container\">\n\t\t\t\t\t\t\t\t\t<p>La <strong>Secretar\u00eda General de Castilla-La Mancha<\/strong> ha anunciado la ampliaci\u00f3n del plazo para presentar solicitudes del <strong>Plan de Acci\u00f3n Frente al Cambio Clim\u00e1tico en Centros P\u00fablicos de Educaci\u00f3n Infantil y Primaria<\/strong>, en el marco del <strong>Programa FEDER Castilla-La Mancha 2021-2027<\/strong>. La nueva fecha l\u00edmite ser\u00e1 el <strong>3 de diciembre de 2024<\/strong> conforme a lo establecido en el art\u00edculo 32 de la Ley 39\/2015, de 1 de octubre, del Procedimiento Administrativo Com\u00fan de las Administraciones P\u00fablicas.<\/p><p>Esta pr\u00f3rroga, recogida en la resoluci\u00f3n publicada el <strong>18 de octubre de 2024<\/strong> en el Diario Oficial de Castilla-La Mancha (DOCM), busca ampliar las oportunidades para que m\u00e1s centros educativos se beneficien de proyectos enfocados en la <strong>eficiencia energ\u00e9tica<\/strong> y la <strong>reducci\u00f3n de emisiones de carbono<\/strong>. La medida se alinea con el compromiso regional de fomentar una educaci\u00f3n m\u00e1s sostenible y luchar contra el cambio clim\u00e1tico.<\/p><p><span style=\"color: #3361e9;\"><strong>M\u00e1s proyectos y nuevas oportunidades en camino<\/strong><\/span><\/p><p>La consultor\u00eda, estudio de ingenier\u00eda y arquitectura <strong>ARTECOIN<\/strong>, ha anunciado que, gracias a esta ampliaci\u00f3n en el plazo de presentaci\u00f3n, adem\u00e1s de los <a href=\"https:\/\/web.artecoin.es\/artecoin-impulsa-los-15-proyectos-de-eficiencia-energetica-en-centros-educativos-de-castilla-la-mancha-en-el-marco-del-programa-feder-2021-2027\/\"><strong>15 proyectos iniciales<\/strong><\/a>, est\u00e1n en proceso de redacci\u00f3n <strong>4 nuevos proyectos <\/strong>para las localidades de <strong>Cinco Casas<\/strong> en la provincia de Ciudad Real, <strong>Mocej\u00f3n <\/strong>y <strong>Ont\u00edgola <\/strong>en la provincia de Toledo y <strong>Li\u00e9tor<\/strong> en la provincia de Albacete. Elevando a <strong>19<\/strong> el n\u00famero total de proyectos de centros educativos para esta convocatoria. Estas iniciativas tienen como objetivo modernizar las infraestructuras escolares y optimizar su desempe\u00f1o energ\u00e9tico.<\/p>\t\t\t\t\t\t\t\t<\/div>\n\t\t\t\t<\/div>\n\t\t\t\t<\/div>\n\t\t\t\t<\/div>\n\t\t\t\t\t<\/div>\n\t\t\t\t<\/div>\n\t\t<div class=\"elementor-element elementor-element-2a87dc66 e-flex e-con-boxed wpr-particle-no wpr-jarallax-no wpr-parallax-no wpr-sticky-section-no wpr-equal-height-no e-con e-parent\" data-id=\"2a87dc66\" data-element_type=\"container\" data-e-type=\"container\">\n\t\t\t\t\t<div class=\"e-con-inner\">\n\t\t<div class=\"elementor-element elementor-element-2f56d573 e-con-full e-flex wpr-particle-no wpr-jarallax-no wpr-parallax-no wpr-sticky-section-no wpr-equal-height-no e-con e-child\" data-id=\"2f56d573\" data-element_type=\"container\" data-e-type=\"container\">\n\t\t<div class=\"elementor-element elementor-element-789267ec e-con-full e-flex wpr-particle-no wpr-jarallax-no wpr-parallax-no wpr-sticky-section-no wpr-equal-height-no e-con e-child\" data-id=\"789267ec\" data-element_type=\"container\" data-e-type=\"container\">\n\t\t<div class=\"elementor-element elementor-element-26f19e76 e-con-full e-flex wpr-particle-no wpr-jarallax-no wpr-parallax-no wpr-sticky-section-no wpr-equal-height-no e-con e-child\" data-id=\"26f19e76\" data-element_type=\"container\" data-e-type=\"container\" data-settings=\"{&quot;background_background&quot;:&quot;classic&quot;}\">\n\t\t<div class=\"elementor-element elementor-element-401eb28a e-con-full e-flex wpr-particle-no wpr-jarallax-no wpr-parallax-no wpr-sticky-section-no wpr-equal-height-no e-con e-child\" data-id=\"401eb28a\" data-element_type=\"container\" data-e-type=\"container\">\n\t\t\t\t<div class=\"elementor-element elementor-element-107198a0 elementor-widget elementor-widget-image\" data-id=\"107198a0\" data-element_type=\"widget\" data-e-type=\"widget\" data-widget_type=\"image.default\">\n\t\t\t\t<div class=\"elementor-widget-container\">\n\t\t\t\t\t\t\t\t\t\t\t\t\t\t\t<img decoding=\"async\" width=\"150\" height=\"150\" src=\"https:\/\/artecoin.es\/wp-content\/uploads\/2023\/07\/logoArtecoin-blanco-150x150.png\" class=\"attachment-thumbnail size-thumbnail wp-image-222\" alt=\"\" srcset=\"https:\/\/artecoin.es\/wp-content\/uploads\/2023\/07\/logoArtecoin-blanco-150x150.png 150w, https:\/\/artecoin.es\/wp-content\/uploads\/2023\/07\/logoArtecoin-blanco-300x300.png 300w, https:\/\/artecoin.es\/wp-content\/uploads\/2023\/07\/elementor\/thumbs\/logoArtecoin-blanco-qepo0mcuk9a7bcjh86iopteobqi6logp0c0rpd35mk.png 70w, https:\/\/artecoin.es\/wp-content\/uploads\/2023\/07\/elementor\/thumbs\/logoArtecoin-blanco-q9unpg4olhrjyj8nm70r8xms02btfn5eyfq2dvbm00.png 80w, https:\/\/artecoin.es\/wp-content\/uploads\/2023\/07\/elementor\/thumbs\/logoArtecoin-blanco-qepo0mcubhiwzqwqcecgaln049nuvbtjtz3qh2zpmc.png 50w, https:\/\/artecoin.es\/wp-content\/uploads\/2023\/07\/logoArtecoin-blanco.png 512w\" sizes=\"(max-width: 150px) 100vw, 150px\" \/>\t\t\t\t\t\t\t\t\t\t\t\t\t\t\t<\/div>\n\t\t\t\t<\/div>\n\t\t\t\t<\/div>\n\t\t<div class=\"elementor-element elementor-element-644dd779 e-con-full e-flex wpr-particle-no wpr-jarallax-no wpr-parallax-no wpr-sticky-section-no wpr-equal-height-no e-con e-child\" data-id=\"644dd779\" data-element_type=\"container\" data-e-type=\"container\">\n\t\t\t\t<div class=\"elementor-element elementor-element-7b09b51f elementor-widget elementor-widget-heading\" data-id=\"7b09b51f\" data-element_type=\"widget\" data-e-type=\"widget\" data-widget_type=\"heading.default\">\n\t\t\t\t<div class=\"elementor-widget-container\">\n\t\t\t\t\t<h3 class=\"elementor-heading-title elementor-size-default\">\"ARTECOIN emplea herramientas avanzadas como la nube de puntos y el modelado 3D\"<\/h3>\t\t\t\t<\/div>\n\t\t\t\t<\/div>\n\t\t\t\t<\/div>\n\t\t\t\t<\/div>\n\t\t\t\t<\/div>\n\t\t\t\t<\/div>\n\t\t\t\t\t<\/div>\n\t\t\t\t<\/div>\n\t\t<div class=\"elementor-element elementor-element-6e557a0 e-flex e-con-boxed wpr-particle-no wpr-jarallax-no wpr-parallax-no wpr-sticky-section-no wpr-equal-height-no e-con e-parent\" data-id=\"6e557a0\" data-element_type=\"container\" data-e-type=\"container\">\n\t\t\t\t\t<div class=\"e-con-inner\">\n\t\t<div class=\"elementor-element elementor-element-5ef8b4dd e-con-full e-flex wpr-particle-no wpr-jarallax-no wpr-parallax-no wpr-sticky-section-no wpr-equal-height-no e-con e-child\" data-id=\"5ef8b4dd\" data-element_type=\"container\" data-e-type=\"container\">\n\t\t<div class=\"elementor-element elementor-element-47c7888f e-con-full e-flex wpr-particle-no wpr-jarallax-no wpr-parallax-no wpr-sticky-section-no wpr-equal-height-no e-con e-child\" data-id=\"47c7888f\" data-element_type=\"container\" data-e-type=\"container\">\n\t\t\t\t<div class=\"elementor-element elementor-element-651bf12d elementor-widget elementor-widget-image\" data-id=\"651bf12d\" data-element_type=\"widget\" data-e-type=\"widget\" data-widget_type=\"image.default\">\n\t\t\t\t<div class=\"elementor-widget-container\">\n\t\t\t\t\t\t\t\t\t\t\t\t\t\t\t<img fetchpriority=\"high\" decoding=\"async\" width=\"1024\" height=\"640\" src=\"https:\/\/artecoin.es\/wp-content\/uploads\/2024\/11\/Proyecto_Eficiencia_Energetica_Centro_Educativo_01-edited-1024x640.jpeg\" class=\"attachment-large size-large wp-image-5045\" alt=\"\" srcset=\"https:\/\/artecoin.es\/wp-content\/uploads\/2024\/11\/Proyecto_Eficiencia_Energetica_Centro_Educativo_01-edited-1024x640.jpeg 1024w, https:\/\/artecoin.es\/wp-content\/uploads\/2024\/11\/Proyecto_Eficiencia_Energetica_Centro_Educativo_01-edited-300x188.jpeg 300w, https:\/\/artecoin.es\/wp-content\/uploads\/2024\/11\/Proyecto_Eficiencia_Energetica_Centro_Educativo_01-edited-768x480.jpeg 768w, https:\/\/artecoin.es\/wp-content\/uploads\/2024\/11\/Proyecto_Eficiencia_Energetica_Centro_Educativo_01-edited-1536x960.jpeg 1536w, https:\/\/artecoin.es\/wp-content\/uploads\/2024\/11\/Proyecto_Eficiencia_Energetica_Centro_Educativo_01-edited.jpeg 1600w\" sizes=\"(max-width: 1024px) 100vw, 1024px\" \/>\t\t\t\t\t\t\t\t\t\t\t\t\t\t\t<\/div>\n\t\t\t\t<\/div>\n\t\t\t\t<div class=\"elementor-element elementor-element-8185fbe elementor-widget elementor-widget-text-editor\" data-id=\"8185fbe\" data-element_type=\"widget\" data-e-type=\"widget\" data-widget_type=\"text-editor.default\">\n\t\t\t\t<div class=\"elementor-widget-container\">\n\t\t\t\t\t\t\t\t\t<p>Entre las soluciones tecnol\u00f3gicas que se est\u00e1n implementando destacan <strong>sistemas de climatizaci\u00f3n por aerotermia, instalaciones de paneles fotovoltaicos y sistemas de ventilaci\u00f3n con recuperaci\u00f3n de calor.<\/strong><\/p>\n<p>Estas tecnolog\u00edas reducen significativamente el consumo energ\u00e9tico y mejoran el confort t\u00e9rmico de los centros escolares. Adem\u00e1s, <strong>ARTECOIN<\/strong> emplea herramientas avanzadas como la <strong>nube de puntos<\/strong> y el <strong>modelado 3D<\/strong>, permitiendo dise\u00f1ar soluciones personalizadas tras un an\u00e1lisis detallado del consumo energ\u00e9tico, las necesidades espec\u00edficas y las caracter\u00edsticas de cada instalaci\u00f3n.<\/p>\n<p><span style=\"color: #3361e9;\"><strong>Un impacto positivo en toda la regi\u00f3n<\/strong><\/span><\/p>\n<p>Este esfuerzo conjunto mejorar\u00e1 las condiciones de los entornos educativos, promover\u00e1 el uso de <strong>energ\u00edas renovables<\/strong> y consolidar\u00e1 a Castilla-La Mancha en la lucha contra el cambio clim\u00e1tico.<\/p>\n<p>Con esta ampliaci\u00f3n del plazo, la regi\u00f3n invita a m\u00e1s centros educativos y entidades locales a participar en esta estrategia transformadora que busca fortalecer la sostenibilidad, impulsar la eficiencia energ\u00e9tica y garantizar el bienestar de las comunidades educativas.<\/p>\t\t\t\t\t\t\t\t<\/div>\n\t\t\t\t<\/div>\n\t\t\t\t<\/div>\n\t\t\t\t<\/div>\n\t\t\t\t\t<\/div>\n\t\t\t\t<\/div>\n\t\t<div class=\"elementor-element elementor-element-62fba40 e-flex e-con-boxed wpr-particle-no wpr-jarallax-no wpr-parallax-no wpr-sticky-section-no wpr-equal-height-no e-con e-parent\" data-id=\"62fba40\" data-element_type=\"container\" data-e-type=\"container\">\n\t\t\t\t\t<div class=\"e-con-inner\">\n\t\t<div class=\"elementor-element elementor-element-cf42e91 e-con-full e-flex wpr-particle-no wpr-jarallax-no wpr-parallax-no wpr-sticky-section-no wpr-equal-height-no e-con e-child\" data-id=\"cf42e91\" data-element_type=\"container\" data-e-type=\"container\">\n\t\t\t\t<div class=\"elementor-element elementor-element-befb0e0 elementor-align-center elementor-widget elementor-widget-button\" data-id=\"befb0e0\" data-element_type=\"widget\" data-e-type=\"widget\" data-widget_type=\"button.default\">\n\t\t\t\t<div class=\"elementor-widget-container\">\n\t\t\t\t\t\t\t\t\t<div class=\"elementor-button-wrapper\">\n\t\t\t\t\t<a class=\"elementor-button elementor-button-link elementor-size-sm\" href=\"https:\/\/artecoin.es\/escontacto\/\">\n\t\t\t\t\t\t<span class=\"elementor-button-content-wrapper\">\n\t\t\t\t\t\t\t\t\t<span class=\"elementor-button-text\">   Cont\u00e1ctanos  <\/span>\n\t\t\t\t\t<\/span>\n\t\t\t\t\t<\/a>\n\t\t\t\t<\/div>\n\t\t\t\t\t\t\t\t<\/div>\n\t\t\t\t<\/div>\n\t\t\t\t<\/div>\n\t\t\t\t\t<\/div>\n\t\t\t\t<\/div>\n\t\t\t\t<\/div>\n\t\t","protected":false},"excerpt":{"rendered":"<p>Ampliado el plazo para presentar proyectos de eficiencia energ\u00e9tica en centros educativos de Castilla-La Mancha Ampliado el plazo para presentar proyectos de eficiencia energ\u00e9tica en centros educativos de Castilla-La Mancha: Nueva fecha, 3 de diciembre de 2024 La Secretar\u00eda General de Castilla-La Mancha ha anunciado la ampliaci\u00f3n del plazo para presentar solicitudes del Plan de Acci\u00f3n Frente al Cambio Clim\u00e1tico en Centros P\u00fablicos de Educaci\u00f3n Infantil y Primaria, en el marco del Programa FEDER Castilla-La Mancha 2021-2027. La nueva fecha l\u00edmite ser\u00e1 el 3 de diciembre de 2024 conforme a lo establecido en el art\u00edculo 32 de la Ley 39\/2015, de 1 de octubre, del Procedimiento Administrativo Com\u00fan de las Administraciones P\u00fablicas. Esta pr\u00f3rroga, recogida en la resoluci\u00f3n publicada el 18 de octubre de 2024 en el Diario Oficial de Castilla-La Mancha (DOCM), busca ampliar las oportunidades para que m\u00e1s centros educativos se beneficien de proyectos enfocados en la eficiencia energ\u00e9tica y la reducci\u00f3n de emisiones de carbono. La medida se alinea con el compromiso regional de fomentar una educaci\u00f3n m\u00e1s sostenible y luchar contra el cambio clim\u00e1tico. M\u00e1s proyectos y nuevas oportunidades en camino La consultor\u00eda, estudio de ingenier\u00eda y arquitectura ARTECOIN, ha anunciado que, gracias a esta ampliaci\u00f3n en el plazo de presentaci\u00f3n, adem\u00e1s de los 15 proyectos iniciales, est\u00e1n en proceso de redacci\u00f3n 4 nuevos proyectos para las localidades de Cinco Casas en la provincia de Ciudad Real, Mocej\u00f3n y Ont\u00edgola en la provincia de Toledo y Li\u00e9tor en la provincia de Albacete. Elevando a 19 el n\u00famero total de proyectos de centros educativos para esta convocatoria. Estas iniciativas tienen como objetivo modernizar las infraestructuras escolares y optimizar su desempe\u00f1o energ\u00e9tico. &#8220;ARTECOIN emplea herramientas avanzadas como la nube de puntos y el modelado 3D&#8221; Entre las soluciones tecnol\u00f3gicas que se est\u00e1n implementando destacan sistemas de climatizaci\u00f3n por aerotermia, instalaciones de paneles fotovoltaicos y sistemas de ventilaci\u00f3n con recuperaci\u00f3n de calor. Estas tecnolog\u00edas reducen significativamente el consumo energ\u00e9tico y mejoran el confort t\u00e9rmico de los centros escolares. Adem\u00e1s, ARTECOIN emplea herramientas avanzadas como la nube de puntos y el modelado 3D, permitiendo dise\u00f1ar soluciones personalizadas tras un an\u00e1lisis detallado del consumo energ\u00e9tico, las necesidades espec\u00edficas y las caracter\u00edsticas de cada instalaci\u00f3n. Un impacto positivo en toda la regi\u00f3n Este esfuerzo conjunto mejorar\u00e1 las condiciones de los entornos educativos, promover\u00e1 el uso de energ\u00edas renovables y consolidar\u00e1 a Castilla-La Mancha en la lucha contra el cambio clim\u00e1tico. Con esta ampliaci\u00f3n del plazo, la regi\u00f3n invita a m\u00e1s centros educativos y entidades locales a participar en esta estrategia transformadora que busca fortalecer la sostenibilidad, impulsar la eficiencia energ\u00e9tica y garantizar el bienestar de las comunidades educativas. Cont\u00e1ctanos<\/p>\n","protected":false},"author":1,"featured_media":5045,"comment_status":"open","ping_status":"closed","sticky":false,"template":"elementor_header_footer","format":"standard","meta":{"site-sidebar-layout":"default","site-content-layout":"","ast-site-content-layout":"full-width-container","site-content-style":"default","site-sidebar-style":"default","ast-global-header-display":"","ast-banner-title-visibility":"","ast-main-header-display":"","ast-hfb-above-header-display":"","ast-hfb-below-header-display":"","ast-hfb-mobile-header-display":"","site-post-title":"","ast-breadcrumbs-content":"","ast-featured-img":"","footer-sml-layout":"","theme-transparent-header-meta":"","adv-header-id-meta":"","stick-header-meta":"","header-above-stick-meta":"","header-main-stick-meta":"","header-below-stick-meta":"","astra-migrate-meta-layouts":"default","ast-page-background-enabled":"default","ast-page-background-meta":{"desktop":{"background-color":"var(--ast-global-color-4)","background-image":"","background-repeat":"repeat","background-position":"center center","background-size":"auto","background-attachment":"scroll","background-type":"","background-media":"","overlay-type":"","overlay-color":"","overlay-opacity":"","overlay-gradient":""},"tablet":{"background-color":"","background-image":"","background-repeat":"repeat","background-position":"center center","background-size":"auto","background-attachment":"scroll","background-type":"","background-media":"","overlay-type":"","overlay-color":"","overlay-opacity":"","overlay-gradient":""},"mobile":{"background-color":"","background-image":"","background-repeat":"repeat","background-position":"center center","background-size":"auto","background-attachment":"scroll","background-type":"","background-media":"","overlay-type":"","overlay-color":"","overlay-opacity":"","overlay-gradient":""}},"ast-content-background-meta":{"desktop":{"background-color":"var(--ast-global-color-5)","background-image":"","background-repeat":"repeat","background-position":"center center","background-size":"auto","background-attachment":"scroll","background-type":"","background-media":"","overlay-type":"","overlay-color":"","overlay-opacity":"","overlay-gradient":""},"tablet":{"background-color":"var(--ast-global-color-5)","background-image":"","background-repeat":"repeat","background-position":"center center","background-size":"auto","background-attachment":"scroll","background-type":"","background-media":"","overlay-type":"","overlay-color":"","overlay-opacity":"","overlay-gradient":""},"mobile":{"background-color":"var(--ast-global-color-5)","background-image":"","background-repeat":"repeat","background-position":"center center","background-size":"auto","background-attachment":"scroll","background-type":"","background-media":"","overlay-type":"","overlay-color":"","overlay-opacity":"","overlay-gradient":""}},"footnotes":""},"categories":[11,1],"tags":[15,19,21,38,41],"class_list":["post-4940","post","type-post","status-publish","format-standard","has-post-thumbnail","hentry","category-noticias","category-actualidad","tag-artecoin","tag-fondos-feder","tag-pemis","tag-rehabilitacion-energetica","tag-rehabilitacion"],"yoast_head":"<!-- This site is optimized with the Yoast SEO plugin v27.5 - https:\/\/yoast.com\/product\/yoast-seo-wordpress\/ -->\n<title>Ampliado el plazo para presentar proyectos de eficiencia energ\u00e9tica en centros educativos de Castilla-La Mancha: Nueva fecha, 3 de diciembre de 2024<\/title>\n<meta name=\"robots\" content=\"index, follow, max-snippet:-1, max-image-preview:large, max-video-preview:-1\" \/>\n<link rel=\"canonical\" href=\"https:\/\/artecoin.es\/en\/ampliado-el-plazo-para-presentar-proyectos-de-eficiencia-energetica-en-centros-educativos-de-castilla-la-mancha-nueva-fecha-3-de-diciembre-de-2024\/\" \/>\n<meta property=\"og:locale\" content=\"en_US\" \/>\n<meta property=\"og:locale:alternate\" content=\"es_ES\" \/>\n<meta property=\"og:type\" content=\"article\" \/>\n<meta property=\"og:title\" content=\"Ampliado el plazo para presentar proyectos de eficiencia energ\u00e9tica en centros educativos de Castilla-La Mancha: Nueva fecha, 3 de diciembre de 2024\" \/>\n<meta property=\"og:description\" content=\"Ampliado el plazo para presentar proyectos de eficiencia energ\u00e9tica en centros educativos de Castilla-La Mancha Ampliado el plazo para presentar proyectos de eficiencia energ\u00e9tica en centros educativos de Castilla-La Mancha: Nueva fecha, 3 de diciembre de 2024 La Secretar\u00eda General de Castilla-La Mancha ha anunciado la ampliaci\u00f3n del plazo para presentar solicitudes del Plan de Acci\u00f3n Frente al Cambio Clim\u00e1tico en Centros P\u00fablicos de Educaci\u00f3n Infantil y Primaria, en el marco del Programa FEDER Castilla-La Mancha 2021-2027. La nueva fecha l\u00edmite ser\u00e1 el 3 de diciembre de 2024 conforme a lo establecido en el art\u00edculo 32 de la Ley 39\/2015, de 1 de octubre, del Procedimiento Administrativo Com\u00fan de las Administraciones P\u00fablicas. Esta pr\u00f3rroga, recogida en la resoluci\u00f3n publicada el 18 de octubre de 2024 en el Diario Oficial de Castilla-La Mancha (DOCM), busca ampliar las oportunidades para que m\u00e1s centros educativos se beneficien de proyectos enfocados en la eficiencia energ\u00e9tica y la reducci\u00f3n de emisiones de carbono. La medida se alinea con el compromiso regional de fomentar una educaci\u00f3n m\u00e1s sostenible y luchar contra el cambio clim\u00e1tico. M\u00e1s proyectos y nuevas oportunidades en camino La consultor\u00eda, estudio de ingenier\u00eda y arquitectura ARTECOIN, ha anunciado que, gracias a esta ampliaci\u00f3n en el plazo de presentaci\u00f3n, adem\u00e1s de los 15 proyectos iniciales, est\u00e1n en proceso de redacci\u00f3n 4 nuevos proyectos para las localidades de Cinco Casas en la provincia de Ciudad Real, Mocej\u00f3n y Ont\u00edgola en la provincia de Toledo y Li\u00e9tor en la provincia de Albacete. Elevando a 19 el n\u00famero total de proyectos de centros educativos para esta convocatoria. Estas iniciativas tienen como objetivo modernizar las infraestructuras escolares y optimizar su desempe\u00f1o energ\u00e9tico. &#8220;ARTECOIN emplea herramientas avanzadas como la nube de puntos y el modelado 3D&#8221; Entre las soluciones tecnol\u00f3gicas que se est\u00e1n implementando destacan sistemas de climatizaci\u00f3n por aerotermia, instalaciones de paneles fotovoltaicos y sistemas de ventilaci\u00f3n con recuperaci\u00f3n de calor. Estas tecnolog\u00edas reducen significativamente el consumo energ\u00e9tico y mejoran el confort t\u00e9rmico de los centros escolares. Adem\u00e1s, ARTECOIN emplea herramientas avanzadas como la nube de puntos y el modelado 3D, permitiendo dise\u00f1ar soluciones personalizadas tras un an\u00e1lisis detallado del consumo energ\u00e9tico, las necesidades espec\u00edficas y las caracter\u00edsticas de cada instalaci\u00f3n. Un impacto positivo en toda la regi\u00f3n Este esfuerzo conjunto mejorar\u00e1 las condiciones de los entornos educativos, promover\u00e1 el uso de energ\u00edas renovables y consolidar\u00e1 a Castilla-La Mancha en la lucha contra el cambio clim\u00e1tico. Con esta ampliaci\u00f3n del plazo, la regi\u00f3n invita a m\u00e1s centros educativos y entidades locales a participar en esta estrategia transformadora que busca fortalecer la sostenibilidad, impulsar la eficiencia energ\u00e9tica y garantizar el bienestar de las comunidades educativas. Cont\u00e1ctanos\" \/>\n<meta property=\"og:url\" content=\"https:\/\/artecoin.es\/en\/ampliado-el-plazo-para-presentar-proyectos-de-eficiencia-energetica-en-centros-educativos-de-castilla-la-mancha-nueva-fecha-3-de-diciembre-de-2024\/\" \/>\n<meta property=\"og:site_name\" content=\"Artecoin | Consultor\u00eda, Arquitectura e Ingenier\u00eda\" \/>\n<meta property=\"article:published_time\" content=\"2024-11-21T16:50:37+00:00\" \/>\n<meta property=\"article:modified_time\" content=\"2025-02-13T09:25:12+00:00\" \/>\n<meta property=\"og:image\" content=\"https:\/\/artecoin.es\/wp-content\/uploads\/2024\/11\/Proyecto_Eficiencia_Energetica_Centro_Educativo_01-edited.jpeg\" \/>\n\t<meta property=\"og:image:width\" content=\"1600\" \/>\n\t<meta property=\"og:image:height\" content=\"1000\" \/>\n\t<meta property=\"og:image:type\" content=\"image\/jpeg\" \/>\n<meta name=\"author\" content=\"admin\" \/>\n<meta name=\"twitter:card\" content=\"summary_large_image\" \/>\n<meta name=\"twitter:label1\" content=\"Written by\" \/>\n\t<meta name=\"twitter:data1\" content=\"admin\" \/>\n\t<meta name=\"twitter:label2\" content=\"Est. reading time\" \/>\n\t<meta name=\"twitter:data2\" content=\"3 minutes\" \/>\n<script type=\"application\/ld+json\" class=\"yoast-schema-graph\">{\"@context\":\"https:\\\/\\\/schema.org\",\"@graph\":[{\"@type\":\"Article\",\"@id\":\"https:\\\/\\\/artecoin.es\\\/ampliado-el-plazo-para-presentar-proyectos-de-eficiencia-energetica-en-centros-educativos-de-castilla-la-mancha-nueva-fecha-3-de-diciembre-de-2024\\\/#article\",\"isPartOf\":{\"@id\":\"https:\\\/\\\/artecoin.es\\\/ampliado-el-plazo-para-presentar-proyectos-de-eficiencia-energetica-en-centros-educativos-de-castilla-la-mancha-nueva-fecha-3-de-diciembre-de-2024\\\/\"},\"author\":{\"name\":\"admin\",\"@id\":\"https:\\\/\\\/artecoin.es\\\/#\\\/schema\\\/person\\\/28378a1e4e52b113f68ea0ff6f21fcd2\"},\"headline\":\"Ampliado el plazo para presentar proyectos de eficiencia energ\u00e9tica en centros educativos de Castilla-La Mancha: Nueva fecha, 3 de diciembre de 2024\",\"datePublished\":\"2024-11-21T16:50:37+00:00\",\"dateModified\":\"2025-02-13T09:25:12+00:00\",\"mainEntityOfPage\":{\"@id\":\"https:\\\/\\\/artecoin.es\\\/ampliado-el-plazo-para-presentar-proyectos-de-eficiencia-energetica-en-centros-educativos-de-castilla-la-mancha-nueva-fecha-3-de-diciembre-de-2024\\\/\"},\"wordCount\":505,\"commentCount\":0,\"image\":{\"@id\":\"https:\\\/\\\/artecoin.es\\\/ampliado-el-plazo-para-presentar-proyectos-de-eficiencia-energetica-en-centros-educativos-de-castilla-la-mancha-nueva-fecha-3-de-diciembre-de-2024\\\/#primaryimage\"},\"thumbnailUrl\":\"https:\\\/\\\/artecoin.es\\\/wp-content\\\/uploads\\\/2024\\\/11\\\/Proyecto_Eficiencia_Energetica_Centro_Educativo_01-edited.jpeg\",\"keywords\":[\"ARTECOIN\",\"Fondos FEDER\",\"PEMIS\",\"Rehabilitaci\u00f3n energ\u00e9tica\",\"Rehabilitaci\u00f3n\"],\"articleSection\":[\"Noticias\",\"Actualidad\"],\"inLanguage\":\"en-US\",\"potentialAction\":[{\"@type\":\"CommentAction\",\"name\":\"Comment\",\"target\":[\"https:\\\/\\\/artecoin.es\\\/ampliado-el-plazo-para-presentar-proyectos-de-eficiencia-energetica-en-centros-educativos-de-castilla-la-mancha-nueva-fecha-3-de-diciembre-de-2024\\\/#respond\"]}]},{\"@type\":\"WebPage\",\"@id\":\"https:\\\/\\\/artecoin.es\\\/ampliado-el-plazo-para-presentar-proyectos-de-eficiencia-energetica-en-centros-educativos-de-castilla-la-mancha-nueva-fecha-3-de-diciembre-de-2024\\\/\",\"url\":\"https:\\\/\\\/artecoin.es\\\/ampliado-el-plazo-para-presentar-proyectos-de-eficiencia-energetica-en-centros-educativos-de-castilla-la-mancha-nueva-fecha-3-de-diciembre-de-2024\\\/\",\"name\":\"Ampliado el plazo para presentar proyectos de eficiencia energ\u00e9tica en centros educativos de Castilla-La Mancha: Nueva fecha, 3 de diciembre de 2024\",\"isPartOf\":{\"@id\":\"https:\\\/\\\/artecoin.es\\\/#website\"},\"primaryImageOfPage\":{\"@id\":\"https:\\\/\\\/artecoin.es\\\/ampliado-el-plazo-para-presentar-proyectos-de-eficiencia-energetica-en-centros-educativos-de-castilla-la-mancha-nueva-fecha-3-de-diciembre-de-2024\\\/#primaryimage\"},\"image\":{\"@id\":\"https:\\\/\\\/artecoin.es\\\/ampliado-el-plazo-para-presentar-proyectos-de-eficiencia-energetica-en-centros-educativos-de-castilla-la-mancha-nueva-fecha-3-de-diciembre-de-2024\\\/#primaryimage\"},\"thumbnailUrl\":\"https:\\\/\\\/artecoin.es\\\/wp-content\\\/uploads\\\/2024\\\/11\\\/Proyecto_Eficiencia_Energetica_Centro_Educativo_01-edited.jpeg\",\"datePublished\":\"2024-11-21T16:50:37+00:00\",\"dateModified\":\"2025-02-13T09:25:12+00:00\",\"author\":{\"@id\":\"https:\\\/\\\/artecoin.es\\\/#\\\/schema\\\/person\\\/28378a1e4e52b113f68ea0ff6f21fcd2\"},\"breadcrumb\":{\"@id\":\"https:\\\/\\\/artecoin.es\\\/ampliado-el-plazo-para-presentar-proyectos-de-eficiencia-energetica-en-centros-educativos-de-castilla-la-mancha-nueva-fecha-3-de-diciembre-de-2024\\\/#breadcrumb\"},\"inLanguage\":\"en-US\",\"potentialAction\":[{\"@type\":\"ReadAction\",\"target\":[\"https:\\\/\\\/artecoin.es\\\/ampliado-el-plazo-para-presentar-proyectos-de-eficiencia-energetica-en-centros-educativos-de-castilla-la-mancha-nueva-fecha-3-de-diciembre-de-2024\\\/\"]}]},{\"@type\":\"ImageObject\",\"inLanguage\":\"en-US\",\"@id\":\"https:\\\/\\\/artecoin.es\\\/ampliado-el-plazo-para-presentar-proyectos-de-eficiencia-energetica-en-centros-educativos-de-castilla-la-mancha-nueva-fecha-3-de-diciembre-de-2024\\\/#primaryimage\",\"url\":\"https:\\\/\\\/artecoin.es\\\/wp-content\\\/uploads\\\/2024\\\/11\\\/Proyecto_Eficiencia_Energetica_Centro_Educativo_01-edited.jpeg\",\"contentUrl\":\"https:\\\/\\\/artecoin.es\\\/wp-content\\\/uploads\\\/2024\\\/11\\\/Proyecto_Eficiencia_Energetica_Centro_Educativo_01-edited.jpeg\",\"width\":1600,\"height\":1000},{\"@type\":\"BreadcrumbList\",\"@id\":\"https:\\\/\\\/artecoin.es\\\/ampliado-el-plazo-para-presentar-proyectos-de-eficiencia-energetica-en-centros-educativos-de-castilla-la-mancha-nueva-fecha-3-de-diciembre-de-2024\\\/#breadcrumb\",\"itemListElement\":[{\"@type\":\"ListItem\",\"position\":1,\"name\":\"Portada\",\"item\":\"https:\\\/\\\/artecoin.es\\\/\"},{\"@type\":\"ListItem\",\"position\":2,\"name\":\"Ampliado el plazo para presentar proyectos de eficiencia energ\u00e9tica en centros educativos de Castilla-La Mancha: Nueva fecha, 3 de diciembre de 2024\"}]},{\"@type\":\"WebSite\",\"@id\":\"https:\\\/\\\/artecoin.es\\\/#website\",\"url\":\"https:\\\/\\\/artecoin.es\\\/\",\"name\":\"Artecoin | Consultor\u00eda, Arquitectura e Ingenier\u00eda\",\"description\":\"\",\"potentialAction\":[{\"@type\":\"SearchAction\",\"target\":{\"@type\":\"EntryPoint\",\"urlTemplate\":\"https:\\\/\\\/artecoin.es\\\/?s={search_term_string}\"},\"query-input\":{\"@type\":\"PropertyValueSpecification\",\"valueRequired\":true,\"valueName\":\"search_term_string\"}}],\"inLanguage\":\"en-US\"},{\"@type\":\"Person\",\"@id\":\"https:\\\/\\\/artecoin.es\\\/#\\\/schema\\\/person\\\/28378a1e4e52b113f68ea0ff6f21fcd2\",\"name\":\"admin\",\"image\":{\"@type\":\"ImageObject\",\"inLanguage\":\"en-US\",\"@id\":\"https:\\\/\\\/secure.gravatar.com\\\/avatar\\\/3182093bca295526b750582667f1a5fb25859dda98cb3e4d329da28e58d2bdc4?s=96&d=mm&r=g\",\"url\":\"https:\\\/\\\/secure.gravatar.com\\\/avatar\\\/3182093bca295526b750582667f1a5fb25859dda98cb3e4d329da28e58d2bdc4?s=96&d=mm&r=g\",\"contentUrl\":\"https:\\\/\\\/secure.gravatar.com\\\/avatar\\\/3182093bca295526b750582667f1a5fb25859dda98cb3e4d329da28e58d2bdc4?s=96&d=mm&r=g\",\"caption\":\"admin\"},\"sameAs\":[\"https:\\\/\\\/artecoin.es\"],\"url\":\"https:\\\/\\\/artecoin.es\\\/en\\\/author\\\/workuser\\\/\"}]}<\/script>\n<!-- \/ Yoast SEO plugin. -->","yoast_head_json":{"title":"Ampliado el plazo para presentar proyectos de eficiencia energ\u00e9tica en centros educativos de Castilla-La Mancha: Nueva fecha, 3 de diciembre de 2024","robots":{"index":"index","follow":"follow","max-snippet":"max-snippet:-1","max-image-preview":"max-image-preview:large","max-video-preview":"max-video-preview:-1"},"canonical":"https:\/\/artecoin.es\/en\/ampliado-el-plazo-para-presentar-proyectos-de-eficiencia-energetica-en-centros-educativos-de-castilla-la-mancha-nueva-fecha-3-de-diciembre-de-2024\/","og_locale":"en_US","og_type":"article","og_title":"[:es]Ampliado el plazo para presentar proyectos de eficiencia energ\u00e9tica en centros educativos de Castilla-La Mancha: Nueva fecha, 3 de diciembre de 2024[:] - Artecoin | Consultor\u00eda, Arquitectura e Ingenier\u00eda","og_description":"Ampliado el plazo para presentar proyectos de eficiencia energ\u00e9tica en centros educativos de Castilla-La Mancha Ampliado el plazo para presentar proyectos de eficiencia energ\u00e9tica en centros educativos de Castilla-La Mancha: Nueva fecha, 3 de diciembre de 2024 La Secretar\u00eda General de Castilla-La Mancha ha anunciado la ampliaci\u00f3n del plazo para presentar solicitudes del Plan de Acci\u00f3n Frente al Cambio Clim\u00e1tico en Centros P\u00fablicos de Educaci\u00f3n Infantil y Primaria, en el marco del Programa FEDER Castilla-La Mancha 2021-2027. La nueva fecha l\u00edmite ser\u00e1 el 3 de diciembre de 2024 conforme a lo establecido en el art\u00edculo 32 de la Ley 39\/2015, de 1 de octubre, del Procedimiento Administrativo Com\u00fan de las Administraciones P\u00fablicas. Esta pr\u00f3rroga, recogida en la resoluci\u00f3n publicada el 18 de octubre de 2024 en el Diario Oficial de Castilla-La Mancha (DOCM), busca ampliar las oportunidades para que m\u00e1s centros educativos se beneficien de proyectos enfocados en la eficiencia energ\u00e9tica y la reducci\u00f3n de emisiones de carbono. La medida se alinea con el compromiso regional de fomentar una educaci\u00f3n m\u00e1s sostenible y luchar contra el cambio clim\u00e1tico. M\u00e1s proyectos y nuevas oportunidades en camino La consultor\u00eda, estudio de ingenier\u00eda y arquitectura ARTECOIN, ha anunciado que, gracias a esta ampliaci\u00f3n en el plazo de presentaci\u00f3n, adem\u00e1s de los 15 proyectos iniciales, est\u00e1n en proceso de redacci\u00f3n 4 nuevos proyectos para las localidades de Cinco Casas en la provincia de Ciudad Real, Mocej\u00f3n y Ont\u00edgola en la provincia de Toledo y Li\u00e9tor en la provincia de Albacete. Elevando a 19 el n\u00famero total de proyectos de centros educativos para esta convocatoria. Estas iniciativas tienen como objetivo modernizar las infraestructuras escolares y optimizar su desempe\u00f1o energ\u00e9tico. &#8220;ARTECOIN emplea herramientas avanzadas como la nube de puntos y el modelado 3D&#8221; Entre las soluciones tecnol\u00f3gicas que se est\u00e1n implementando destacan sistemas de climatizaci\u00f3n por aerotermia, instalaciones de paneles fotovoltaicos y sistemas de ventilaci\u00f3n con recuperaci\u00f3n de calor. Estas tecnolog\u00edas reducen significativamente el consumo energ\u00e9tico y mejoran el confort t\u00e9rmico de los centros escolares. Adem\u00e1s, ARTECOIN emplea herramientas avanzadas como la nube de puntos y el modelado 3D, permitiendo dise\u00f1ar soluciones personalizadas tras un an\u00e1lisis detallado del consumo energ\u00e9tico, las necesidades espec\u00edficas y las caracter\u00edsticas de cada instalaci\u00f3n. Un impacto positivo en toda la regi\u00f3n Este esfuerzo conjunto mejorar\u00e1 las condiciones de los entornos educativos, promover\u00e1 el uso de energ\u00edas renovables y consolidar\u00e1 a Castilla-La Mancha en la lucha contra el cambio clim\u00e1tico. Con esta ampliaci\u00f3n del plazo, la regi\u00f3n invita a m\u00e1s centros educativos y entidades locales a participar en esta estrategia transformadora que busca fortalecer la sostenibilidad, impulsar la eficiencia energ\u00e9tica y garantizar el bienestar de las comunidades educativas. Cont\u00e1ctanos","og_url":"https:\/\/artecoin.es\/en\/ampliado-el-plazo-para-presentar-proyectos-de-eficiencia-energetica-en-centros-educativos-de-castilla-la-mancha-nueva-fecha-3-de-diciembre-de-2024\/","og_site_name":"Artecoin | Consultor\u00eda, Arquitectura e Ingenier\u00eda","article_published_time":"2024-11-21T16:50:37+00:00","article_modified_time":"2025-02-13T09:25:12+00:00","og_image":[{"width":1600,"height":1000,"url":"https:\/\/artecoin.es\/wp-content\/uploads\/2024\/11\/Proyecto_Eficiencia_Energetica_Centro_Educativo_01-edited.jpeg","type":"image\/jpeg"}],"author":"admin","twitter_card":"summary_large_image","twitter_misc":{"Written by":"admin","Est. reading time":"3 minutes"},"schema":{"@context":"https:\/\/schema.org","@graph":[{"@type":"Article","@id":"https:\/\/artecoin.es\/ampliado-el-plazo-para-presentar-proyectos-de-eficiencia-energetica-en-centros-educativos-de-castilla-la-mancha-nueva-fecha-3-de-diciembre-de-2024\/#article","isPartOf":{"@id":"https:\/\/artecoin.es\/ampliado-el-plazo-para-presentar-proyectos-de-eficiencia-energetica-en-centros-educativos-de-castilla-la-mancha-nueva-fecha-3-de-diciembre-de-2024\/"},"author":{"name":"admin","@id":"https:\/\/artecoin.es\/#\/schema\/person\/28378a1e4e52b113f68ea0ff6f21fcd2"},"headline":"Ampliado el plazo para presentar proyectos de eficiencia energ\u00e9tica en centros educativos de Castilla-La Mancha: Nueva fecha, 3 de diciembre de 2024","datePublished":"2024-11-21T16:50:37+00:00","dateModified":"2025-02-13T09:25:12+00:00","mainEntityOfPage":{"@id":"https:\/\/artecoin.es\/ampliado-el-plazo-para-presentar-proyectos-de-eficiencia-energetica-en-centros-educativos-de-castilla-la-mancha-nueva-fecha-3-de-diciembre-de-2024\/"},"wordCount":505,"commentCount":0,"image":{"@id":"https:\/\/artecoin.es\/ampliado-el-plazo-para-presentar-proyectos-de-eficiencia-energetica-en-centros-educativos-de-castilla-la-mancha-nueva-fecha-3-de-diciembre-de-2024\/#primaryimage"},"thumbnailUrl":"https:\/\/artecoin.es\/wp-content\/uploads\/2024\/11\/Proyecto_Eficiencia_Energetica_Centro_Educativo_01-edited.jpeg","keywords":["ARTECOIN","Fondos FEDER","PEMIS","Rehabilitaci\u00f3n energ\u00e9tica","Rehabilitaci\u00f3n"],"articleSection":["Noticias","Actualidad"],"inLanguage":"en-US","potentialAction":[{"@type":"CommentAction","name":"Comment","target":["https:\/\/artecoin.es\/ampliado-el-plazo-para-presentar-proyectos-de-eficiencia-energetica-en-centros-educativos-de-castilla-la-mancha-nueva-fecha-3-de-diciembre-de-2024\/#respond"]}]},{"@type":"WebPage","@id":"https:\/\/artecoin.es\/ampliado-el-plazo-para-presentar-proyectos-de-eficiencia-energetica-en-centros-educativos-de-castilla-la-mancha-nueva-fecha-3-de-diciembre-de-2024\/","url":"https:\/\/artecoin.es\/ampliado-el-plazo-para-presentar-proyectos-de-eficiencia-energetica-en-centros-educativos-de-castilla-la-mancha-nueva-fecha-3-de-diciembre-de-2024\/","name":"Ampliado el plazo para presentar proyectos de eficiencia energ\u00e9tica en centros educativos de Castilla-La Mancha: Nueva fecha, 3 de diciembre de 2024","isPartOf":{"@id":"https:\/\/artecoin.es\/#website"},"primaryImageOfPage":{"@id":"https:\/\/artecoin.es\/ampliado-el-plazo-para-presentar-proyectos-de-eficiencia-energetica-en-centros-educativos-de-castilla-la-mancha-nueva-fecha-3-de-diciembre-de-2024\/#primaryimage"},"image":{"@id":"https:\/\/artecoin.es\/ampliado-el-plazo-para-presentar-proyectos-de-eficiencia-energetica-en-centros-educativos-de-castilla-la-mancha-nueva-fecha-3-de-diciembre-de-2024\/#primaryimage"},"thumbnailUrl":"https:\/\/artecoin.es\/wp-content\/uploads\/2024\/11\/Proyecto_Eficiencia_Energetica_Centro_Educativo_01-edited.jpeg","datePublished":"2024-11-21T16:50:37+00:00","dateModified":"2025-02-13T09:25:12+00:00","author":{"@id":"https:\/\/artecoin.es\/#\/schema\/person\/28378a1e4e52b113f68ea0ff6f21fcd2"},"breadcrumb":{"@id":"https:\/\/artecoin.es\/ampliado-el-plazo-para-presentar-proyectos-de-eficiencia-energetica-en-centros-educativos-de-castilla-la-mancha-nueva-fecha-3-de-diciembre-de-2024\/#breadcrumb"},"inLanguage":"en-US","potentialAction":[{"@type":"ReadAction","target":["https:\/\/artecoin.es\/ampliado-el-plazo-para-presentar-proyectos-de-eficiencia-energetica-en-centros-educativos-de-castilla-la-mancha-nueva-fecha-3-de-diciembre-de-2024\/"]}]},{"@type":"ImageObject","inLanguage":"en-US","@id":"https:\/\/artecoin.es\/ampliado-el-plazo-para-presentar-proyectos-de-eficiencia-energetica-en-centros-educativos-de-castilla-la-mancha-nueva-fecha-3-de-diciembre-de-2024\/#primaryimage","url":"https:\/\/artecoin.es\/wp-content\/uploads\/2024\/11\/Proyecto_Eficiencia_Energetica_Centro_Educativo_01-edited.jpeg","contentUrl":"https:\/\/artecoin.es\/wp-content\/uploads\/2024\/11\/Proyecto_Eficiencia_Energetica_Centro_Educativo_01-edited.jpeg","width":1600,"height":1000},{"@type":"BreadcrumbList","@id":"https:\/\/artecoin.es\/ampliado-el-plazo-para-presentar-proyectos-de-eficiencia-energetica-en-centros-educativos-de-castilla-la-mancha-nueva-fecha-3-de-diciembre-de-2024\/#breadcrumb","itemListElement":[{"@type":"ListItem","position":1,"name":"Portada","item":"https:\/\/artecoin.es\/"},{"@type":"ListItem","position":2,"name":"Ampliado el plazo para presentar proyectos de eficiencia energ\u00e9tica en centros educativos de Castilla-La Mancha: Nueva fecha, 3 de diciembre de 2024"}]},{"@type":"WebSite","@id":"https:\/\/artecoin.es\/#website","url":"https:\/\/artecoin.es\/","name":"Artecoin | Consultor\u00eda, Arquitectura e Ingenier\u00eda","description":"","potentialAction":[{"@type":"SearchAction","target":{"@type":"EntryPoint","urlTemplate":"https:\/\/artecoin.es\/?s={search_term_string}"},"query-input":{"@type":"PropertyValueSpecification","valueRequired":true,"valueName":"search_term_string"}}],"inLanguage":"en-US"},{"@type":"Person","@id":"https:\/\/artecoin.es\/#\/schema\/person\/28378a1e4e52b113f68ea0ff6f21fcd2","name":"admin","image":{"@type":"ImageObject","inLanguage":"en-US","@id":"https:\/\/secure.gravatar.com\/avatar\/3182093bca295526b750582667f1a5fb25859dda98cb3e4d329da28e58d2bdc4?s=96&d=mm&r=g","url":"https:\/\/secure.gravatar.com\/avatar\/3182093bca295526b750582667f1a5fb25859dda98cb3e4d329da28e58d2bdc4?s=96&d=mm&r=g","contentUrl":"https:\/\/secure.gravatar.com\/avatar\/3182093bca295526b750582667f1a5fb25859dda98cb3e4d329da28e58d2bdc4?s=96&d=mm&r=g","caption":"admin"},"sameAs":["https:\/\/artecoin.es"],"url":"https:\/\/artecoin.es\/en\/author\/workuser\/"}]}},"_links":{"self":[{"href":"https:\/\/artecoin.es\/en\/wp-json\/wp\/v2\/posts\/4940","targetHints":{"allow":["GET"]}}],"collection":[{"href":"https:\/\/artecoin.es\/en\/wp-json\/wp\/v2\/posts"}],"about":[{"href":"https:\/\/artecoin.es\/en\/wp-json\/wp\/v2\/types\/post"}],"author":[{"embeddable":true,"href":"https:\/\/artecoin.es\/en\/wp-json\/wp\/v2\/users\/1"}],"replies":[{"embeddable":true,"href":"https:\/\/artecoin.es\/en\/wp-json\/wp\/v2\/comments?post=4940"}],"version-history":[{"count":10,"href":"https:\/\/artecoin.es\/en\/wp-json\/wp\/v2\/posts\/4940\/revisions"}],"predecessor-version":[{"id":5463,"href":"https:\/\/artecoin.es\/en\/wp-json\/wp\/v2\/posts\/4940\/revisions\/5463"}],"wp:featuredmedia":[{"embeddable":true,"href":"https:\/\/artecoin.es\/en\/wp-json\/wp\/v2\/media\/5045"}],"wp:attachment":[{"href":"https:\/\/artecoin.es\/en\/wp-json\/wp\/v2\/media?parent=4940"}],"wp:term":[{"taxonomy":"category","embeddable":true,"href":"https:\/\/artecoin.es\/en\/wp-json\/wp\/v2\/categories?post=4940"},{"taxonomy":"post_tag","embeddable":true,"href":"https:\/\/artecoin.es\/en\/wp-json\/wp\/v2\/tags?post=4940"}],"curies":[{"name":"wp","href":"https:\/\/api.w.org\/{rel}","templated":true}]}}